{"id":4341,"date":"2025-07-07T12:30:40","date_gmt":"2025-07-07T10:30:40","guid":{"rendered":"https:\/\/www.zaslat.cz\/blog\/?p=4341"},"modified":"2025-07-07T12:30:41","modified_gmt":"2025-07-07T10:30:41","slug":"eu-packaging-regulation-konec-baleni-vzduchu","status":"publish","type":"post","link":"https:\/\/www.zaslat.cz\/blog\/eu-packaging-regulation-konec-baleni-vzduchu\/","title":{"rendered":"EU Packaging Regulation: \u201eKonec balen\u00ed vzduchu\u201c"},"content":{"rendered":"\n<p><strong>Evropsk\u00fd parlament schv\u00e1lil v \u00fanoru 2025 revolu\u010dn\u00ed na\u0159\u00edzen\u00ed Packaging and Packaging Waste Regulation (PPWR), kter\u00e9 m\u00e1 za c\u00edl sn\u00ed\u017eit mno\u017estv\u00ed obalov\u00fdch odpad\u016f a podpo\u0159it recyklaci i opakovan\u00e9 vyu\u017e\u00edv\u00e1n\u00ed obal\u016f. Nap\u0159\u00edklad od roku 2030 u\u017e nesm\u00ed b\u00fdt v krabici v\u00edce ne\u017e 50 % vzduchu. Jste ready?<\/strong><\/p>\n\n\n\n<p>Poj\u010fme se pod\u00edvat na to, co p\u0159esn\u011b EU Packaging Regulation p\u0159in\u00e1\u0161\u00ed, jak\u00e9 m\u00e1 term\u00edny a co to bude znamenat pro \u010desk\u00e9 e-shopy.<\/p>\n\n\n\n<h2 class=\"wp-block-heading\">Pro\u010d na\u0159\u00edzen\u00ed vzniklo<\/h2>\n\n\n\n<p>E-commerce v Evrop\u011b roste a s t\u00edm samoz\u0159ejm\u011b i spot\u0159eba obalov\u00fdch materi\u00e1l\u016f. Ty obvykle kon\u010d\u00ed v popelnici a podle statistik <strong>tvo\u0159\u00ed a\u017e 36 % komun\u00e1ln\u00edho odpadu<\/strong>. Z\u00e1rove\u0148 se na v\u00fdrobu obal\u016f spot\u0159ebuje 40 % plast\u016f a 50 % pap\u00edru vyroben\u00fdch v EU.<\/p>\n\n\n\n<p>Tato cesta nen\u00ed udr\u017eiteln\u00e1 ekonomicky ani ekologicky. Evropsk\u00e1 unie proto stanovila jasn\u00e9 <strong>c\u00edle pro postupn\u00e9 sn\u00ed\u017een\u00ed mno\u017estv\u00ed obal\u016f<\/strong>:<\/p>\n\n\n\n<ul>\n<li><strong>o 5 %<\/strong> do roku 2030<\/li>\n\n\n\n<li><strong>o 10 %<\/strong> do roku 2035<\/li>\n\n\n\n<li><strong>o 15 %<\/strong> do roku 2040<\/li>\n<\/ul>\n\n\n\n<p>Nov\u00e1 regulace m\u00e1 dostat obaly pod kontrolu, povede n\u00e1s k udr\u017eiteln\u011bj\u0161\u00ed ekonomice a poskytne jasn\u011bj\u0161\u00ed pravidla pro pos\u00edl\u00e1n\u00ed bal\u00edk\u016f.<\/p>\n\n\n\n<figure class=\"wp-block-image size-full\"><img decoding=\"async\" src=\"https:\/\/www.zaslat.cz\/blog\/wp-content\/uploads\/baliky.jpg\" alt=\"\"\/><\/figure>\n\n\n\n<h2 class=\"wp-block-heading\">Co konkr\u00e9tn\u011b PPWR p\u0159in\u00e1\u0161\u00ed<\/h2>\n\n\n\n<p>Nov\u00e1 evropsk\u00e1 regulace PPWR zav\u00e1d\u00ed konkr\u00e9tn\u00ed pravidla, kter\u00e1 maj\u00ed:<\/p>\n\n\n\n<ul>\n<li>sn\u00ed\u017eit objem odpadu<\/li>\n\n\n\n<li>zv\u00fd\u0161it recyklovatelnost obal\u016f<\/li>\n\n\n\n<li>omezit zbyte\u010dn\u00e9 balen\u00ed<\/li>\n<\/ul>\n\n\n\n<p>\u010clensk\u00e9 st\u00e1ty EU maj\u00ed do \u00fanora 2027 za \u00fakol ur\u010dit p\u0159\u00edslu\u0161n\u00e9 org\u00e1ny, kter\u00e9 budou dohl\u00ed\u017eet na pln\u011bn\u00ed povinnost\u00ed, a p\u0159ijmout pravidla o sankc\u00edch. Ano, <strong>za poru\u0161en\u00ed mohou padnout i pokuty<\/strong>. Co tedy \u010dek\u00e1 prodejce?<\/p>\n\n\n\n<h3 class=\"wp-block-heading\">Konec krabic pln\u00fdch vzduchu<\/h3>\n\n\n\n<p>Od 1. ledna 2030 za\u010dne platit omezen\u00ed voln\u00e9ho prostoru v bal\u00edc\u00edch, a sice <strong>v\u00edce ne\u017e 50 % objemu z\u00e1silky nesm\u00ed tvo\u0159it vzduch<\/strong>.<\/p>\n\n\n\n<p>To znamen\u00e1, \u017ee kdy\u017e po\u0161lete malou krabi\u010dku se \u0161perkem ve velk\u00e9 krabici od bot, m\u016f\u017eete se dostat do rozporu s p\u0159edpisy. C\u00edlem je optimalizace velikosti balen\u00ed a sn\u00ed\u017een\u00ed mno\u017estv\u00ed v\u00fdpl\u0148ov\u00fdch materi\u00e1l\u016f.<\/p>\n\n\n\n<h3 class=\"wp-block-heading\">Povinnost recyklovateln\u00fdch obal\u016f<\/h3>\n\n\n\n<p>Od roku 2030 mus\u00ed b\u00fdt <strong>v\u0161echny obaly pln\u011b recyklovateln\u00e9<\/strong>. Slo\u017eit\u011b t\u0159\u00edditeln\u00e9 obaly nebo kombinace pap\u00edru a plast\u016f budou postupn\u011b mizet.<\/p>\n\n\n\n<figure class=\"wp-block-image size-large\"><a href=\"https:\/\/www.top-obaly.cz\/\"><img decoding=\"async\" src=\"https:\/\/www.zaslat.cz\/blog\/wp-content\/uploads\/top-obaly-banner-1024x341.png\" alt=\"\"\/><\/a><\/figure>\n\n\n\n<h3 class=\"wp-block-heading\">Opakovan\u011b pou\u017eiteln\u00e9 obaly<\/h3>\n\n\n\n<p>Z\u00e1kazn\u00edci budou m\u00edt mo\u017enost vracet obaly k opakovan\u00e9mu pou\u017eit\u00ed. P\u0159\u00edsn\u011bj\u0161\u00ed po\u017eadavky budou platit v B2B sektoru, kde m\u00e1 b\u00fdt <strong>do roku 2030 nejm\u00e9n\u011b 40 % obal\u016f opakovan\u011b pou\u017eiteln\u00fdch<\/strong> a do roku 2040 pak dokonce 70 %.<\/p>\n\n\n\n<p>V e-commerce m\u00e1 b\u00fdt od roku 2030 opakovan\u011b pou\u017eiteln\u00fdch 10 % obal\u016f a od roku 2040 pak cel\u00e1 \u010dtvrtina obal\u016f.<\/p>\n\n\n\n<h3 class=\"wp-block-heading\">Nov\u00e9 zna\u010den\u00ed obal\u016f<\/h3>\n\n\n\n<p>Na v\u0161ech obalech bude muset b\u00fdt uvedeno, z \u010deho jsou vyrobeny a jak je spr\u00e1vn\u011b recyklovat. To stejn\u00e9 plat\u00ed i pro v\u00fdpln\u011b.<\/p>\n\n\n\n<h2 class=\"wp-block-heading\">Dal\u0161\u00ed d\u016fle\u017eit\u00e9 zm\u011bny<\/h2>\n\n\n\n<p>PPWR nemluv\u00ed jenom o sn\u00ed\u017een\u00ed odpadu z p\u0159epravy, ale zav\u00e1d\u00ed i dal\u0161\u00ed d\u016fle\u017eit\u00e9 zm\u011bny. Nap\u0159\u00edklad n\u00e1s od roku 2030 \u010dek\u00e1 <strong>konec n\u011bkter\u00fdch jednor\u00e1zov\u00fdch plast\u016f<\/strong> jako jsou:<\/p>\n\n\n\n<ul>\n<li>mini toaletn\u00ed pot\u0159eby v hotelech<\/li>\n\n\n\n<li>tenk\u00e9 plastov\u00e9 s\u00e1\u010dky<\/li>\n\n\n\n<li>obaly na \u010derstv\u00e9 ovoce a zeleninu<\/li>\n<\/ul>\n\n\n\n<p>Omezen\u00ed se t\u00fdk\u00e1 tak\u00e9 PFAS, kter\u00e9 m\u016f\u017eete zn\u00e1t pod pojmem \u201ev\u011b\u010dn\u00e9 chemik\u00e1lie\u201c. Tyto l\u00e1tky se pou\u017e\u00edvaj\u00ed k odpuzov\u00e1n\u00ed vody nebo tuk\u016f v obalech. O\u010dek\u00e1v\u00e1 se jejich <strong>z\u00e1kaz nebo zaveden\u00ed velice p\u0159\u00edsn\u00fdch limit\u016f<\/strong>.<\/p>\n\n\n\n<h2 class=\"wp-block-heading\">Jak\u00fd je \u010dasov\u00fd r\u00e1mec PPWR<\/h2>\n\n\n\n<p>Zaveden\u00ed na\u0159\u00edzen\u00ed Packaging and Packaging Waste Regulation bude postupn\u00e9, ale m\u00e1 jasn\u011b dan\u00e9 miln\u00edky.<\/p>\n\n\n\n<ul>\n<li><strong>2025\u20132029<\/strong>: p\u0159\u00edprava, testov\u00e1n\u00ed a doporu\u010den\u00ed<\/li>\n\n\n\n<li><strong>2030<\/strong>: za\u010d\u00edn\u00e1 platit v\u011bt\u0161ina povinnost\u00ed<\/li>\n\n\n\n<li><strong>2035 a 2040<\/strong>: roz\u0161\u00ed\u0159en\u00ed na dal\u0161\u00ed segmenty a zp\u0159\u00edsn\u011bn\u00ed po\u017eadavk\u016f<\/li>\n<\/ul>\n\n\n\n<p>Obecn\u011b plat\u00ed, \u017ee men\u0161\u00ed podnikatel\u00e9 z\u00edskaj\u00ed v\u00edce \u010dasu na p\u0159\u00edpravu. Nicm\u00e9n\u011b \u010d\u00edm d\u0159\u00edve za\u010dnete, t\u00edm m\u00e9n\u011b m\u00e9n\u011b starost\u00ed v\u00e1s \u010dek\u00e1.<\/p>\n\n\n\n<figure class=\"wp-block-image size-full\"><img decoding=\"async\" src=\"https:\/\/www.zaslat.cz\/blog\/wp-content\/uploads\/planovani.jpg\" alt=\"\"\/><\/figure>\n\n\n\n<h2 class=\"wp-block-heading\">Dopady na \u010desk\u00e9 e-shopy a firmy<\/h2>\n\n\n\n<p>Evropsk\u00e1 regulace PPWR zm\u011bn\u00ed logistiku a p\u0159inese nov\u00e9 p\u0159\u00edle\u017eitosti \u2013 \u00faspora n\u00e1klad\u016f, efektivn\u011bj\u0161\u00ed logistika a lep\u0161\u00ed z\u00e1kaznick\u00e1 zku\u0161enost.<\/p>\n\n\n\n<p><strong>Ostatn\u011b, z\u00e1kazn\u00edci u\u017e nyn\u00ed preferuj\u00ed ekologick\u00e1 \u0159e\u0161en\u00ed<\/strong>. T\u00e9m\u011b\u0159 polovina \u010cech\u016f chce udr\u017eiteln\u00e9 balen\u00ed a 4 z 10 tak\u00e9 ekologick\u00e9 doru\u010den\u00ed. Dv\u011b t\u0159etiny kupuj\u00edc\u00edch by uv\u00edtaly doru\u010dov\u00e1n\u00ed v recyklovan\u00fdch nebo znovu pou\u017eit\u00fdch obalech.<\/p>\n\n\n\n<p><strong>Co regulace m\u016f\u017ee p\u0159in\u00e9st \u010desk\u00fdm online obchod\u016fm?<\/strong><\/p>\n\n\n\n<h3 class=\"wp-block-heading\">Pos\u00edlat vzduch se nevyplat\u00ed<\/h3>\n\n\n\n<p>V\u011bt\u0161\u00ed krabice znamen\u00e1 v\u00edce obalov\u00e9ho materi\u00e1lu, v\u00edc m\u00edsta v aut\u011b a v\u00edc emis\u00ed. M\u016f\u017eeme o\u010dek\u00e1vat, \u017ee dopravci budou <strong>zohled\u0148ovat uhl\u00edkovou stopu<\/strong> bal\u00edku a zavedou tarify, kter\u00e9 podpo\u0159\u00ed spr\u00e1vn\u00e9 balen\u00ed z\u00e1silek:<\/p>\n\n\n\n<ul>\n<li>v\u00fdhodn\u011bj\u0161\u00ed sazby pro spr\u00e1vn\u011b nadimenzovan\u00e9 balen\u00ed<\/li>\n\n\n\n<li>p\u0159ir\u00e1\u017eka za \u201enafouknut\u00e9\u201c krabice pln\u00e9 v\u00fdpln\u011b a vzduchu<\/li>\n<\/ul>\n\n\n\n<p>Jin\u00fdmi slovy: za vzduch, CO\u2082 a v\u00fdpl\u0148ov\u00e9 matri\u00e1ly si p\u0159iplat\u00edte.<\/p>\n\n\n\n<h3 class=\"wp-block-heading\">V\u00edce mo\u017enost\u00ed pro z\u00e1kazn\u00edky<\/h3>\n\n\n\n<p>Prodejci budou muset upravit balic\u00ed procesy a za\u010d\u00edt pou\u017e\u00edvat men\u0161\u00ed krabice, nebo <strong>slu\u010dovat polo\u017eky do jedn\u00e9 z\u00e1silky<\/strong>. Z\u00e1kazn\u00edci budou m\u00edt \u010das do sv\u00e9 objedn\u00e1vky p\u0159id\u00e1vat polo\u017eky, ani\u017e by to znamenalo nov\u00e9 balen\u00ed a dal\u0161\u00ed krabici na cest\u011b.<\/p>\n\n\n\n<h3 class=\"wp-block-heading\">V\u011brnostn\u00ed programy ve h\u0159e<\/h3>\n\n\n\n<p>V n\u011bkter\u00fdch sektorech (nap\u0159. n\u00e1poje a hotov\u00e1 j\u00eddla) bude povinn\u011b 10 % obal\u016f znovu pou\u017eiteln\u00fdch. E-shopy mohou:<\/p>\n\n\n\n<ul>\n<li>poskytnout slevy za op\u011btovn\u00e9 vyu\u017eit\u00ed obalu<\/li>\n\n\n\n<li>nab\u00eddnout doru\u010den\u00ed zdarma za opakovan\u00e9 vyu\u017eit\u00ed obalu<\/li>\n\n\n\n<li>automatizovat logistiku<\/li>\n<\/ul>\n\n\n\n<p>Ekologick\u00e9 aktivity nav\u00edc pos\u00edl\u00ed zna\u010dku a p\u0159ivedou nov\u00e9 z\u00e1kazn\u00edky.<\/p>\n\n\n\n<figure class=\"wp-block-image size-large\"><img decoding=\"async\" src=\"https:\/\/www.zaslat.cz\/blog\/wp-content\/uploads\/box-balik-1024x684.jpg\" alt=\"\"\/><\/figure>\n\n\n\n<h2 class=\"wp-block-heading\">Co m\u016f\u017eete ud\u011blat u\u017e dnes<\/h2>\n\n\n\n<p>Regulace sice za\u010dne platit a\u017e za 5 let, ale b\u00fdt o krok nap\u0159ed se vyplat\u00ed. Rozlo\u017e\u00edte si investici a vylad\u00edte sv\u00e9 nov\u00e9 procesy k dokonalosti. <strong>Jak za\u010d\u00edt?<\/strong><\/p>\n\n\n\n<ul>\n<li>Zkontrolujte rozm\u011bry bal\u00edk\u016f \u2013 kolik procent vzduchu pos\u00edl\u00e1te?<\/li>\n\n\n\n<li>Zav\u011b\u010fte standardizovan\u00e9 velikosti obal\u016f<\/li>\n\n\n\n<li>Testujte vratn\u00e9 nebo ekologick\u00e9 obaly<\/li>\n\n\n\n<li>Nab\u00eddn\u011bte z\u00e1kazn\u00edk\u016fm slu\u010dov\u00e1n\u00ed objedn\u00e1vek<\/li>\n\n\n\n<li>Sledujte zm\u011bny v legislativ\u011b<\/li>\n\n\n\n<li>Automatizujte logistiku \u2013 t\u0159eba se <a href=\"https:\/\/www.zaslat.cz\/\">Zaslat<\/a><\/li>\n<\/ul>\n\n\n\n<p>Investujte \u010das u\u017e nyn\u00ed do toho, aby m\u011blo va\u0161e podnik\u00e1n\u00ed re\u00e1ln\u00fd pozitivn\u00ed dopad na \u017eivotn\u00ed prost\u0159ed\u00ed, a z\u00edskejte n\u00e1skok p\u0159ed konkurenc\u00ed.<\/p>\n\n\n\n<h2 class=\"wp-block-heading\">Prvn\u00ed krok k PPWR? Automatizace logistiky s Mana\u017eerem z\u00e1silek<\/h2>\n\n\n\n<p><a href=\"https:\/\/app.zaslat.cz\/\">Mana\u017eer z\u00e1silek<\/a> je intuitivn\u00ed platforma, kterou snadno propoj\u00edte se sv\u00fdm e-shopem. V\u0161echny objedn\u00e1vky m\u00e1te p\u0159ehledn\u011b na jednom m\u00edst\u011b a snadno objedn\u00e1te dopravu. <strong>Na v\u00fdb\u011br m\u00e1te 10 dopravc\u016f a vyu\u017e\u00edt m\u016f\u017eete v\u00edce ne\u017e 22 tis\u00edc podac\u00edch a v\u00fddejn\u00edch m\u00edst a box\u016f<\/strong> \u2013 bez z\u00e1vazk\u016f a minim\u00e1ln\u00edch objem\u016f.<\/p>\n\n\n\n<div class=\"wp-block-uagb-marketing-button uagb-marketing-btn__align-center uagb-marketing-btn__align-text-center uagb-marketing-btn__icon-after uagb-block-4a37b395 wp-block-button\"><a href=\"http:\/\/app.zaslat.cz\/login\" class=\"uagb-marketing-btn__link wp-block-button__link\" target=\"\" rel=\"noopener noreferrer\"><span class=\"uagb-marketing-btn__title\">P\u0159ihl\u00e1sit se do Mana\u017eeru z\u00e1silek zdarma<\/span><svg xmlns=\"https:\/\/www.w3.org\/2000\/svg\" viewBox=\"0 0 448 512\"><path d=\"M246.6 233.4l-160-160c-12.5-12.5-32.75-12.5-45.25 0s-12.5 32.75 0 45.25L178.8 256l-137.4 137.4c-12.5 12.5-12.5 32.75 0 45.25C47.63 444.9 55.81 448 64 448s16.38-3.125 22.62-9.375l160-160C259.1 266.1 259.1 245.9 246.6 233.4zM438.6 233.4l-160-160c-12.5-12.5-32.75-12.5-45.25 0s-12.5 32.75 0 45.25L370.8 256l-137.4 137.4c-12.5 12.5-12.5 32.75 0 45.25C239.6 444.9 247.8 448 256 448s16.38-3.125 22.62-9.375l160-160C451.1 266.1 451.1 245.9 438.6 233.4z\"><\/path><\/svg><\/a><\/div>\n\n\n\n<hr class=\"wp-block-separator has-text-color has-ast-global-color-4-color has-alpha-channel-opacity has-ast-global-color-4-background-color has-background\"\/>\n\n\n\n<h3 class=\"wp-block-heading\"><strong>Jak Mana\u017eer z\u00e1silek \u0161et\u0159\u00ed \u017eivotn\u00ed prost\u0159ed\u00ed?<\/strong><\/h3>\n\n\n\n<ul>\n<li>Pos\u00edl\u00e1te v\u011bt\u0161\u00ed mno\u017estv\u00ed z\u00e1silek? Objednejte si <strong>hromadn\u00fd svoz<\/strong> a u\u0161et\u0159ete zbyte\u010dn\u00e9 cesty kur\u00fdra \u2013 v\u0161echny va\u0161e bal\u00edky vyzvedne najednou a doru\u010d\u00ed z\u00e1kazn\u00edk\u016fm.<\/li>\n\n\n\n<li><strong>Vyu\u017eijte <a href=\"https:\/\/www.zaslat.cz\/blog\/vydejni-boxy-ziskavaji-na-popularite-po-cele-evrope\/\">obl\u00edben\u00e1 v\u00fddejn\u00ed m\u00edsta a boxy<\/a><\/strong> \u2013 jeden bal\u00edkov\u00fd box zv\u00fd\u0161\u00ed po\u010det doru\u010den\u00fdch z\u00e1silek jedn\u00edm vozem a\u017e desetin\u00e1sobn\u011b.<\/li>\n<\/ul>\n\n\n\n<p>Nev\u00e1hejte a ud\u011blejte prvn\u00ed krok k udr\u017eiteln\u00e9 budoucnosti dopravy.<\/p>\n\n\n\n<figure class=\"wp-block-image size-full\"><a href=\"http:\/\/app.zaslat.cz\/login\"><img decoding=\"async\" loading=\"lazy\" width=\"800\" height=\"240\" src=\"https:\/\/www.zaslat.cz\/blog\/wp-content\/uploads\/utecte-konkurenci.png\" alt=\"\" class=\"wp-image-4153\" srcset=\"https:\/\/www.zaslat.cz\/blog\/wp-content\/uploads\/utecte-konkurenci.png 800w, https:\/\/www.zaslat.cz\/blog\/wp-content\/uploads\/utecte-konkurenci-300x90.png 300w, https:\/\/www.zaslat.cz\/blog\/wp-content\/uploads\/utecte-konkurenci-768x230.png 768w\" sizes=\"(max-width: 800px) 100vw, 800px\" \/><\/a><\/figure>\n","protected":false},"excerpt":{"rendered":"<p>Evropsk\u00fd parlament schv\u00e1lil v \u00fanoru 2025 revolu\u010dn\u00ed na\u0159\u00edzen\u00ed Packaging and Packaging Waste Regulation (PPWR), kter\u00e9 m\u00e1 za c\u00edl sn\u00ed\u017eit mno\u017estv\u00ed obalov\u00fdch odpad\u016f a podpo\u0159it recyklaci i opakovan\u00e9 vyu\u017e\u00edv\u00e1n\u00ed obal\u016f. Nap\u0159\u00edklad od roku 2030 u\u017e nesm\u00ed b\u00fdt v krabici v\u00edce ne\u017e 50 % vzduchu. Jste ready? Poj\u010fme se pod\u00edvat na to, co p\u0159esn\u011b EU Packaging Regulation &hellip;<\/p>\n<p class=\"read-more\"> <a class=\"\" href=\"https:\/\/www.zaslat.cz\/blog\/eu-packaging-regulation-konec-baleni-vzduchu\/\"> <span class=\"screen-reader-text\">EU Packaging Regulation: \u201eKonec balen\u00ed vzduchu\u201c<\/span> \u010c\u00edst d\u00e1l \u00bb<\/a><\/p>\n","protected":false},"author":2,"featured_media":4349,"comment_status":"closed","ping_status":"open","sticky":false,"template":"","format":"standard","meta":{"inline_featured_image":false,"_uag_custom_page_level_css":"","site-sidebar-layout":"default","site-content-layout":"default","ast-global-header-display":"","ast-main-header-display":"","ast-hfb-above-header-display":"","ast-hfb-below-header-display":"","ast-hfb-mobile-header-display":"","site-post-title":"","ast-breadcrumbs-content":"","ast-featured-img":"","footer-sml-layout":"","theme-transparent-header-meta":"","adv-header-id-meta":"","stick-header-meta":"","header-above-stick-meta":"","header-main-stick-meta":"","header-below-stick-meta":""},"categories":[7,6],"tags":[],"yoast_head":"<!-- This site is optimized with the Yoast SEO plugin v20.2.1 - https:\/\/yoast.com\/wordpress\/plugins\/seo\/ -->\n<title>EU Packaging Regulation: \u201eKonec balen\u00ed vzduchu\u201c<\/title>\n<meta name=\"description\" content=\"Poj\u010fme se pod\u00edvat na to, co p\u0159esn\u011b EU Packaging Regulation p\u0159in\u00e1\u0161\u00ed, jak\u00e9 m\u00e1 term\u00edny a co to bude znamenat pro \u010desk\u00e9 e-shopy.\" \/>\n<meta name=\"robots\" content=\"index, follow, max-snippet:-1, max-image-preview:large, max-video-preview:-1\" \/>\n<link rel=\"canonical\" href=\"https:\/\/www.zaslat.cz\/blog\/eu-packaging-regulation-konec-baleni-vzduchu\/\" \/>\n<meta property=\"og:locale\" content=\"cs_CZ\" \/>\n<meta property=\"og:type\" content=\"article\" \/>\n<meta property=\"og:title\" content=\"EU Packaging Regulation: \u201eKonec balen\u00ed vzduchu\u201c\" \/>\n<meta property=\"og:description\" content=\"Poj\u010fme se pod\u00edvat na to, co p\u0159esn\u011b EU Packaging Regulation p\u0159in\u00e1\u0161\u00ed, jak\u00e9 m\u00e1 term\u00edny a co to bude znamenat pro \u010desk\u00e9 e-shopy.\" \/>\n<meta property=\"og:url\" content=\"https:\/\/www.zaslat.cz\/blog\/eu-packaging-regulation-konec-baleni-vzduchu\/\" \/>\n<meta property=\"og:site_name\" content=\"Zaslat.cz bloguje\" \/>\n<meta property=\"article:publisher\" content=\"https:\/\/www.facebook.com\/Zaslat\/\" \/>\n<meta property=\"article:published_time\" content=\"2025-07-07T10:30:40+00:00\" \/>\n<meta property=\"article:modified_time\" content=\"2025-07-07T10:30:41+00:00\" \/>\n<meta property=\"og:image\" content=\"https:\/\/www.zaslat.cz\/blog\/wp-content\/uploads\/EU-Packaging-Regulation.jpg\" \/>\n\t<meta property=\"og:image:width\" content=\"1500\" \/>\n\t<meta property=\"og:image:height\" content=\"1000\" \/>\n\t<meta property=\"og:image:type\" content=\"image\/jpeg\" \/>\n<meta name=\"author\" content=\"Irena Skokanov\u00e1\" \/>\n<meta name=\"twitter:card\" content=\"summary_large_image\" \/>\n<meta name=\"twitter:creator\" content=\"@Zaslat\" \/>\n<meta name=\"twitter:site\" content=\"@Zaslat\" \/>\n<meta name=\"twitter:label1\" content=\"Napsal(a)\" \/>\n\t<meta name=\"twitter:data1\" content=\"Irena Skokanov\u00e1\" \/>\n\t<meta name=\"twitter:label2\" content=\"Odhadovan\u00e1 doba \u010dten\u00ed\" \/>\n\t<meta name=\"twitter:data2\" content=\"6 minut\" \/>\n<script type=\"application\/ld+json\" class=\"yoast-schema-graph\">{\"@context\":\"https:\/\/schema.org\",\"@graph\":[{\"@type\":\"Article\",\"@id\":\"https:\/\/www.zaslat.cz\/blog\/eu-packaging-regulation-konec-baleni-vzduchu\/#article\",\"isPartOf\":{\"@id\":\"https:\/\/www.zaslat.cz\/blog\/eu-packaging-regulation-konec-baleni-vzduchu\/\"},\"author\":{\"name\":\"Irena Skokanov\u00e1\",\"@id\":\"https:\/\/www.zaslat.cz\/blog\/#\/schema\/person\/cd7911256fd5e019655234e3cf90f961\"},\"headline\":\"EU Packaging Regulation: \u201eKonec balen\u00ed vzduchu\u201c\",\"datePublished\":\"2025-07-07T10:30:40+00:00\",\"dateModified\":\"2025-07-07T10:30:41+00:00\",\"mainEntityOfPage\":{\"@id\":\"https:\/\/www.zaslat.cz\/blog\/eu-packaging-regulation-konec-baleni-vzduchu\/\"},\"wordCount\":1225,\"publisher\":{\"@id\":\"https:\/\/www.zaslat.cz\/blog\/#organization\"},\"articleSection\":[\"\u010cl\u00e1nky\",\"Novinky\"],\"inLanguage\":\"cs\"},{\"@type\":\"WebPage\",\"@id\":\"https:\/\/www.zaslat.cz\/blog\/eu-packaging-regulation-konec-baleni-vzduchu\/\",\"url\":\"https:\/\/www.zaslat.cz\/blog\/eu-packaging-regulation-konec-baleni-vzduchu\/\",\"name\":\"EU Packaging Regulation: \u201eKonec balen\u00ed vzduchu\u201c\",\"isPartOf\":{\"@id\":\"https:\/\/www.zaslat.cz\/blog\/#website\"},\"datePublished\":\"2025-07-07T10:30:40+00:00\",\"dateModified\":\"2025-07-07T10:30:41+00:00\",\"description\":\"Poj\u010fme se pod\u00edvat na to, co p\u0159esn\u011b EU Packaging Regulation p\u0159in\u00e1\u0161\u00ed, jak\u00e9 m\u00e1 term\u00edny a co to bude znamenat pro \u010desk\u00e9 e-shopy.\",\"breadcrumb\":{\"@id\":\"https:\/\/www.zaslat.cz\/blog\/eu-packaging-regulation-konec-baleni-vzduchu\/#breadcrumb\"},\"inLanguage\":\"cs\",\"potentialAction\":[{\"@type\":\"ReadAction\",\"target\":[\"https:\/\/www.zaslat.cz\/blog\/eu-packaging-regulation-konec-baleni-vzduchu\/\"]}]},{\"@type\":\"BreadcrumbList\",\"@id\":\"https:\/\/www.zaslat.cz\/blog\/eu-packaging-regulation-konec-baleni-vzduchu\/#breadcrumb\",\"itemListElement\":[{\"@type\":\"ListItem\",\"position\":1,\"name\":\"Dom\u016f\",\"item\":\"https:\/\/www.zaslat.cz\/blog\/\"},{\"@type\":\"ListItem\",\"position\":2,\"name\":\"EU Packaging Regulation: \u201eKonec balen\u00ed vzduchu\u201c\"}]},{\"@type\":\"WebSite\",\"@id\":\"https:\/\/www.zaslat.cz\/blog\/#website\",\"url\":\"https:\/\/www.zaslat.cz\/blog\/\",\"name\":\"Zaslat.cz bloguje\",\"description\":\"Z\u00e1silky, bal\u00edky, p\u0159eprava \u010dehokoliv - to je n\u00e1\u0161 sv\u011bt!\",\"publisher\":{\"@id\":\"https:\/\/www.zaslat.cz\/blog\/#organization\"},\"potentialAction\":[{\"@type\":\"SearchAction\",\"target\":{\"@type\":\"EntryPoint\",\"urlTemplate\":\"https:\/\/www.zaslat.cz\/blog\/?s={search_term_string}\"},\"query-input\":\"required name=search_term_string\"}],\"inLanguage\":\"cs\"},{\"@type\":\"Organization\",\"@id\":\"https:\/\/www.zaslat.cz\/blog\/#organization\",\"name\":\"Zaslat s.r.o.\",\"url\":\"https:\/\/www.zaslat.cz\/blog\/\",\"logo\":{\"@type\":\"ImageObject\",\"inLanguage\":\"cs\",\"@id\":\"https:\/\/www.zaslat.cz\/blog\/#\/schema\/logo\/image\/\",\"url\":\"https:\/\/www.zaslat.cz\/blog\/wp-content\/uploads\/alsendo-icon-triangl.png\",\"contentUrl\":\"https:\/\/www.zaslat.cz\/blog\/wp-content\/uploads\/alsendo-icon-triangl.png\",\"width\":2000,\"height\":2080,\"caption\":\"Zaslat s.r.o.\"},\"image\":{\"@id\":\"https:\/\/www.zaslat.cz\/blog\/#\/schema\/logo\/image\/\"},\"sameAs\":[\"https:\/\/www.facebook.com\/Zaslat\/\",\"https:\/\/twitter.com\/Zaslat\",\"https:\/\/www.instagram.com\/zaslat_by_alsendo\/\"]},{\"@type\":\"Person\",\"@id\":\"https:\/\/www.zaslat.cz\/blog\/#\/schema\/person\/cd7911256fd5e019655234e3cf90f961\",\"name\":\"Irena Skokanov\u00e1\",\"url\":\"https:\/\/www.zaslat.cz\/blog\/author\/iskokanova\/\"}]}<\/script>\n<!-- \/ Yoast SEO plugin. -->","yoast_head_json":{"title":"EU Packaging Regulation: \u201eKonec balen\u00ed vzduchu\u201c","description":"Poj\u010fme se pod\u00edvat na to, co p\u0159esn\u011b EU Packaging Regulation p\u0159in\u00e1\u0161\u00ed, jak\u00e9 m\u00e1 term\u00edny a co to bude znamenat pro \u010desk\u00e9 e-shopy.","robots":{"index":"index","follow":"follow","max-snippet":"max-snippet:-1","max-image-preview":"max-image-preview:large","max-video-preview":"max-video-preview:-1"},"canonical":"https:\/\/www.zaslat.cz\/blog\/eu-packaging-regulation-konec-baleni-vzduchu\/","og_locale":"cs_CZ","og_type":"article","og_title":"EU Packaging Regulation: \u201eKonec balen\u00ed vzduchu\u201c","og_description":"Poj\u010fme se pod\u00edvat na to, co p\u0159esn\u011b EU Packaging Regulation p\u0159in\u00e1\u0161\u00ed, jak\u00e9 m\u00e1 term\u00edny a co to bude znamenat pro \u010desk\u00e9 e-shopy.","og_url":"https:\/\/www.zaslat.cz\/blog\/eu-packaging-regulation-konec-baleni-vzduchu\/","og_site_name":"Zaslat.cz bloguje","article_publisher":"https:\/\/www.facebook.com\/Zaslat\/","article_published_time":"2025-07-07T10:30:40+00:00","article_modified_time":"2025-07-07T10:30:41+00:00","og_image":[{"width":1500,"height":1000,"url":"https:\/\/www.zaslat.cz\/blog\/wp-content\/uploads\/EU-Packaging-Regulation.jpg","type":"image\/jpeg"}],"author":"Irena Skokanov\u00e1","twitter_card":"summary_large_image","twitter_creator":"@Zaslat","twitter_site":"@Zaslat","twitter_misc":{"Napsal(a)":"Irena Skokanov\u00e1","Odhadovan\u00e1 doba \u010dten\u00ed":"6 minut"},"schema":{"@context":"https:\/\/schema.org","@graph":[{"@type":"Article","@id":"https:\/\/www.zaslat.cz\/blog\/eu-packaging-regulation-konec-baleni-vzduchu\/#article","isPartOf":{"@id":"https:\/\/www.zaslat.cz\/blog\/eu-packaging-regulation-konec-baleni-vzduchu\/"},"author":{"name":"Irena Skokanov\u00e1","@id":"https:\/\/www.zaslat.cz\/blog\/#\/schema\/person\/cd7911256fd5e019655234e3cf90f961"},"headline":"EU Packaging Regulation: \u201eKonec balen\u00ed vzduchu\u201c","datePublished":"2025-07-07T10:30:40+00:00","dateModified":"2025-07-07T10:30:41+00:00","mainEntityOfPage":{"@id":"https:\/\/www.zaslat.cz\/blog\/eu-packaging-regulation-konec-baleni-vzduchu\/"},"wordCount":1225,"publisher":{"@id":"https:\/\/www.zaslat.cz\/blog\/#organization"},"articleSection":["\u010cl\u00e1nky","Novinky"],"inLanguage":"cs"},{"@type":"WebPage","@id":"https:\/\/www.zaslat.cz\/blog\/eu-packaging-regulation-konec-baleni-vzduchu\/","url":"https:\/\/www.zaslat.cz\/blog\/eu-packaging-regulation-konec-baleni-vzduchu\/","name":"EU Packaging Regulation: \u201eKonec balen\u00ed vzduchu\u201c","isPartOf":{"@id":"https:\/\/www.zaslat.cz\/blog\/#website"},"datePublished":"2025-07-07T10:30:40+00:00","dateModified":"2025-07-07T10:30:41+00:00","description":"Poj\u010fme se pod\u00edvat na to, co p\u0159esn\u011b EU Packaging Regulation p\u0159in\u00e1\u0161\u00ed, jak\u00e9 m\u00e1 term\u00edny a co to bude znamenat pro \u010desk\u00e9 e-shopy.","breadcrumb":{"@id":"https:\/\/www.zaslat.cz\/blog\/eu-packaging-regulation-konec-baleni-vzduchu\/#breadcrumb"},"inLanguage":"cs","potentialAction":[{"@type":"ReadAction","target":["https:\/\/www.zaslat.cz\/blog\/eu-packaging-regulation-konec-baleni-vzduchu\/"]}]},{"@type":"BreadcrumbList","@id":"https:\/\/www.zaslat.cz\/blog\/eu-packaging-regulation-konec-baleni-vzduchu\/#breadcrumb","itemListElement":[{"@type":"ListItem","position":1,"name":"Dom\u016f","item":"https:\/\/www.zaslat.cz\/blog\/"},{"@type":"ListItem","position":2,"name":"EU Packaging Regulation: \u201eKonec balen\u00ed vzduchu\u201c"}]},{"@type":"WebSite","@id":"https:\/\/www.zaslat.cz\/blog\/#website","url":"https:\/\/www.zaslat.cz\/blog\/","name":"Zaslat.cz bloguje","description":"Z\u00e1silky, bal\u00edky, p\u0159eprava \u010dehokoliv - to je n\u00e1\u0161 sv\u011bt!","publisher":{"@id":"https:\/\/www.zaslat.cz\/blog\/#organization"},"potentialAction":[{"@type":"SearchAction","target":{"@type":"EntryPoint","urlTemplate":"https:\/\/www.zaslat.cz\/blog\/?s={search_term_string}"},"query-input":"required name=search_term_string"}],"inLanguage":"cs"},{"@type":"Organization","@id":"https:\/\/www.zaslat.cz\/blog\/#organization","name":"Zaslat s.r.o.","url":"https:\/\/www.zaslat.cz\/blog\/","logo":{"@type":"ImageObject","inLanguage":"cs","@id":"https:\/\/www.zaslat.cz\/blog\/#\/schema\/logo\/image\/","url":"https:\/\/www.zaslat.cz\/blog\/wp-content\/uploads\/alsendo-icon-triangl.png","contentUrl":"https:\/\/www.zaslat.cz\/blog\/wp-content\/uploads\/alsendo-icon-triangl.png","width":2000,"height":2080,"caption":"Zaslat s.r.o."},"image":{"@id":"https:\/\/www.zaslat.cz\/blog\/#\/schema\/logo\/image\/"},"sameAs":["https:\/\/www.facebook.com\/Zaslat\/","https:\/\/twitter.com\/Zaslat","https:\/\/www.instagram.com\/zaslat_by_alsendo\/"]},{"@type":"Person","@id":"https:\/\/www.zaslat.cz\/blog\/#\/schema\/person\/cd7911256fd5e019655234e3cf90f961","name":"Irena Skokanov\u00e1","url":"https:\/\/www.zaslat.cz\/blog\/author\/iskokanova\/"}]}},"uagb_featured_image_src":{"full":["https:\/\/www.zaslat.cz\/blog\/wp-content\/uploads\/EU-Packaging-Regulation.jpg",1500,1000,false],"thumbnail":["https:\/\/www.zaslat.cz\/blog\/wp-content\/uploads\/EU-Packaging-Regulation-150x150.jpg",150,150,true],"medium":["https:\/\/www.zaslat.cz\/blog\/wp-content\/uploads\/EU-Packaging-Regulation-300x200.jpg",300,200,true],"medium_large":["https:\/\/www.zaslat.cz\/blog\/wp-content\/uploads\/EU-Packaging-Regulation-768x512.jpg",768,512,true],"large":["https:\/\/www.zaslat.cz\/blog\/wp-content\/uploads\/EU-Packaging-Regulation-1024x683.jpg",1024,683,true],"1536x1536":["https:\/\/www.zaslat.cz\/blog\/wp-content\/uploads\/EU-Packaging-Regulation.jpg",1500,1000,false],"2048x2048":["https:\/\/www.zaslat.cz\/blog\/wp-content\/uploads\/EU-Packaging-Regulation.jpg",1500,1000,false]},"uagb_author_info":{"display_name":"Irena Skokanov\u00e1","author_link":"https:\/\/www.zaslat.cz\/blog\/author\/iskokanova\/"},"uagb_comment_info":0,"uagb_excerpt":"Evropsk\u00fd parlament schv\u00e1lil v \u00fanoru 2025 revolu\u010dn\u00ed na\u0159\u00edzen\u00ed Packaging and Packaging Waste Regulation (PPWR), kter\u00e9 m\u00e1 za c\u00edl sn\u00ed\u017eit mno\u017estv\u00ed obalov\u00fdch odpad\u016f a podpo\u0159it recyklaci i opakovan\u00e9 vyu\u017e\u00edv\u00e1n\u00ed obal\u016f. Nap\u0159\u00edklad od roku 2030 u\u017e nesm\u00ed b\u00fdt v krabici v\u00edce ne\u017e 50 % vzduchu. Jste ready? Poj\u010fme se pod\u00edvat na to, co p\u0159esn\u011b EU Packaging Regulation&hellip;","_links":{"self":[{"href":"https:\/\/www.zaslat.cz\/blog\/wp-json\/wp\/v2\/posts\/4341"}],"collection":[{"href":"https:\/\/www.zaslat.cz\/blog\/wp-json\/wp\/v2\/posts"}],"about":[{"href":"https:\/\/www.zaslat.cz\/blog\/wp-json\/wp\/v2\/types\/post"}],"author":[{"embeddable":true,"href":"https:\/\/www.zaslat.cz\/blog\/wp-json\/wp\/v2\/users\/2"}],"replies":[{"embeddable":true,"href":"https:\/\/www.zaslat.cz\/blog\/wp-json\/wp\/v2\/comments?post=4341"}],"version-history":[{"count":4,"href":"https:\/\/www.zaslat.cz\/blog\/wp-json\/wp\/v2\/posts\/4341\/revisions"}],"predecessor-version":[{"id":4348,"href":"https:\/\/www.zaslat.cz\/blog\/wp-json\/wp\/v2\/posts\/4341\/revisions\/4348"}],"wp:featuredmedia":[{"embeddable":true,"href":"https:\/\/www.zaslat.cz\/blog\/wp-json\/wp\/v2\/media\/4349"}],"wp:attachment":[{"href":"https:\/\/www.zaslat.cz\/blog\/wp-json\/wp\/v2\/media?parent=4341"}],"wp:term":[{"taxonomy":"category","embeddable":true,"href":"https:\/\/www.zaslat.cz\/blog\/wp-json\/wp\/v2\/categories?post=4341"},{"taxonomy":"post_tag","embeddable":true,"href":"https:\/\/www.zaslat.cz\/blog\/wp-json\/wp\/v2\/tags?post=4341"}],"curies":[{"name":"wp","href":"https:\/\/api.w.org\/{rel}","templated":true}]}}