{"id":4183,"date":"2025-04-08T11:59:26","date_gmt":"2025-04-08T09:59:26","guid":{"rendered":"https:\/\/www.zaslat.cz\/blog\/?p=4183"},"modified":"2025-10-08T16:34:52","modified_gmt":"2025-10-08T14:34:52","slug":"odesilani-do-zahranici-s-fedexem-a-zaslat-do-celeho-sveta","status":"publish","type":"post","link":"https:\/\/www.zaslat.cz\/blog\/odesilani-do-zahranici-s-fedexem-a-zaslat-do-celeho-sveta\/","title":{"rendered":"Odes\u00edl\u00e1n\u00ed do zahrani\u010d\u00ed: S FedExem a Zaslat do cel\u00e9ho sv\u011bta"},"content":{"rendered":"\n<p><strong>Pos\u00edl\u00e1n\u00ed bal\u00edk\u016f do zahrani\u010d\u00ed u\u017e d\u00e1vno nen\u00ed slo\u017eit\u00fd proces, kter\u00fd by vy\u017eadoval n\u00e1v\u0161t\u011bvu po\u0161ty a zdlouhav\u00e9 pap\u00edrov\u00e1n\u00ed. Naopak \u2013 s modern\u00edmi platformami je to ot\u00e1zka na p\u00e1r kliknut\u00ed. A\u0165 u\u017e se st\u011bhujete na del\u0161\u00ed dobu do zahrani\u010d\u00ed, nebo se vrac\u00edte z dovolen\u00e9 s kufrem pln\u00fdm suven\u00fdr\u016f, se Zaslat po\u0161lete sv\u016fj bal\u00edk bez starost\u00ed \u2013 s FedExem nav\u00edc pohodln\u011b do cel\u00e9ho sv\u011bta.<\/strong><\/p>\n\n\n\n<!--more-->\n\n\n\n<p>Se <a href=\"https:\/\/www.zaslat.cz\/\">Zaslat<\/a> m\u016f\u017eete poslat z\u00e1silku a\u017e do 187 zem\u00ed sv\u011bta \u2013 i expresn\u011b. S n\u00e1mi se nemus\u00edte b\u00e1t celn\u00edho \u0159\u00edzen\u00ed, ani slo\u017eit\u00e9 kalkulace. <a href=\"https:\/\/www.zaslat.cz\/jak-spravne-zabalit-balik\">Pe\u010dliv\u011b z\u00e1silku zabalte<\/a>, o v\u0161echno ostatn\u00ed se postar\u00e1me my.<\/p>\n\n\n\n<h2 class=\"wp-block-heading\">\u010ce\u0161i objevuj\u00ed v\u00fdhody mezin\u00e1rodn\u00ed p\u0159epravy \u2013 kam a co pos\u00edlaj\u00ed nej\u010dast\u011bji?<\/h2>\n\n\n\n<p>\u010ce\u0161i do zahrani\u010d\u00ed pos\u00edlaj\u00ed z\u00e1silky st\u00e1le \u010dast\u011bji. D\u016fvodem je <strong>nejen rostouc\u00ed oblast e-commerce, ale tak\u00e9 digitalizace a lep\u0161\u00ed logistick\u00e1 s\u00ed\u0165 nap\u0159\u00ed\u010d Evropou<\/strong>. V\u00fddejn\u00ed m\u00edsta, v\u00fdhodn\u011bj\u0161\u00ed ceny p\u0159epravy a v\u011bt\u0161\u00ed dostupnost mezin\u00e1rodn\u00edch dopravc\u016f umo\u017e\u0148uj\u00ed pos\u00edlat bal\u00edky do zahrani\u010d\u00ed snadn\u011bji ne\u017e kdy d\u0159\u00edve.<\/p>\n\n\n\n<p>Podle <a href=\"https:\/\/tradingeconomics.com\/czech-republic\/balance-of-trade\"><em>Trading Economics<\/em><\/a> vzrostl export z \u010cesk\u00e9 republiky v lednu 2025 meziro\u010dn\u011b o 12,2 %. Tento trend ukazuje nejen na st\u00e1le siln\u011bj\u0161\u00ed postaven\u00ed \u010desk\u00fdch e-shop\u016f na zahrani\u010dn\u00edch trz\u00edch, ale tak\u00e9 na <strong>rostouc\u00ed po\u010det soukrom\u00fdch z\u00e1silek mezi rodinami a p\u0159\u00e1teli<\/strong>.<\/p>\n\n\n\n<p><strong>Mezi nejobl\u00edben\u011bj\u0161\u00ed destinace pat\u0159\u00ed na\u0161i soused\u00e9<\/strong> \u2013 Slovensko, N\u011bmecko, Polsko, Rakousko, ale i Ma\u010farsko. Rostouc\u00ed po\u010det z\u00e1silek sm\u011b\u0159uje do Francie, It\u00e1lie, \u0160pan\u011blska a Belgie. Na vzestupu jsou tak\u00e9 bal\u00ed\u010dky do USA a Asie.<\/p>\n\n\n\n<p>Mezin\u00e1rodn\u00ed p\u0159eprava se st\u00e1v\u00e1 st\u00e1le dostupn\u011bj\u0161\u00ed nejen pro firmy, ale i pro jednotlivce. \u010ce\u0161i si tento trend rychle osvojili \u2013 kam a co pos\u00edlaj\u00ed nej\u010dast\u011bji?<\/p>\n\n\n\n<h2 class=\"wp-block-heading\">Co \u010ce\u0161i nej\u010dast\u011bji pos\u00edlaj\u00ed do zahrani\u010d\u00ed<\/h2>\n\n\n\n<p>Vzhledem k siln\u00e9mu e-commerce v \u010cesku tvo\u0159\u00ed velkou \u010d\u00e1st z\u00e1silek bal\u00ed\u010dky, kter\u00e9 si z\u00e1kazn\u00edci ze zahrani\u010d\u00ed objedn\u00e1vaj\u00ed z \u010desk\u00fdch e-shop\u016f. V\u00fdznamnou \u010d\u00e1st v\u0161ech z\u00e1silek ale tvo\u0159\u00ed tak\u00e9 <strong>soukrom\u00e9 z\u00e1silky, a to hlavn\u011b b\u011bhem sv\u00e1tk\u016f<\/strong>. A co \u010ce\u0161i nej\u010dast\u011bji pos\u00edlaj\u00ed?<\/p>\n\n\n\n<ul>\n<li><strong>D\u00e1rky a lok\u00e1ln\u00ed potraviny<\/strong> \u2013 zejm\u00e9na p\u0159ed V\u00e1noci<\/li>\n\n\n\n<li><strong>Dokumenty \u010di smlouvy k podpisu<\/strong> \u2013 expresn\u00ed doru\u010den\u00ed se postar\u00e1 o rychl\u00e9 vy\u0159\u00edzen\u00ed<\/li>\n\n\n\n<li><strong>Osobn\u00ed v\u011bci p\u0159i dlouhodob\u00e9m pobytu v zahrani\u010d\u00ed<\/strong> \u2013 studenti a expati si \u010dasto pos\u00edlaj\u00ed z\u00e1soby z domova<\/li>\n<\/ul>\n\n\n\n<p>Z\u00e1silku se v\u00e1m vyplat\u00ed odeslat i v p\u0159\u00edpad\u011b, \u017ee <strong>vyr\u00e1\u017e\u00edte na del\u0161\u00ed dovolenou<\/strong>, nechcete si br\u00e1t do letadla nadm\u011brn\u00e1 zavazadla a pot\u0159ebujete specifick\u00e9 vybaven\u00ed, nap\u0159\u00edklad na t\u00e1bo\u0159en\u00ed. <strong>Po\u0161lete sv\u00e9 v\u011bci nap\u0159ed a cestujte nalehko.<\/strong><\/p>\n\n\n\n<div class=\"wp-block-uagb-marketing-button uagb-marketing-btn__align-center uagb-marketing-btn__align-text-center uagb-marketing-btn__icon-after uagb-block-c925c554 wp-block-button\"><a href=\"https:\/\/www.zaslat.cz\/\" class=\"uagb-marketing-btn__link wp-block-button__link\" target=\"\" rel=\"noopener noreferrer\"><span class=\"uagb-marketing-btn__title\">Odeslat bal\u00edk na cestu<\/span><svg xmlns=\"https:\/\/www.w3.org\/2000\/svg\" viewBox=\"0 0 448 512\"><path d=\"M246.6 233.4l-160-160c-12.5-12.5-32.75-12.5-45.25 0s-12.5 32.75 0 45.25L178.8 256l-137.4 137.4c-12.5 12.5-12.5 32.75 0 45.25C47.63 444.9 55.81 448 64 448s16.38-3.125 22.62-9.375l160-160C259.1 266.1 259.1 245.9 246.6 233.4zM438.6 233.4l-160-160c-12.5-12.5-32.75-12.5-45.25 0s-12.5 32.75 0 45.25L370.8 256l-137.4 137.4c-12.5 12.5-12.5 32.75 0 45.25C239.6 444.9 247.8 448 256 448s16.38-3.125 22.62-9.375l160-160C451.1 266.1 451.1 245.9 438.6 233.4z\"><\/path><\/svg><\/a><\/div>\n\n\n\n<hr class=\"wp-block-separator has-text-color has-ast-global-color-4-color has-alpha-channel-opacity has-ast-global-color-4-background-color has-background\"\/>\n\n\n\n<h2 class=\"wp-block-heading\">Evropa vs. sv\u011bt: Jak se li\u0161\u00ed odes\u00edl\u00e1n\u00ed bal\u00edk\u016f?<\/h2>\n\n\n\n<p>P\u0159i pos\u00edl\u00e1n\u00ed z\u00e1silek do zahrani\u010d\u00ed je d\u016fle\u017eit\u00e9 v\u011bd\u011bt, zda bal\u00edk putuje do Evropsk\u00e9 unie, nebo mimo ni. Zat\u00edmco v r\u00e1mci EU lze bal\u00edky pos\u00edlat bez celn\u00edch bari\u00e9r, mimo Evropu u\u017e plat\u00ed jin\u00e1 pravidla. Jak\u00e9 jsou hlavn\u00ed rozd\u00edly?<\/p>\n\n\n\n<p><em>\ud83d\udca1 V\u011bd\u011bli jste, \u017ee Turecko Andorra a San Marino m\u00e1 celn\u00ed unii s EU? To znamen\u00e1, \u017ee z\u00e1silky do t\u011bchto zem\u00ed nepodl\u00e9haj\u00ed celn\u00edm kontrol\u00e1m.<\/em><\/p>\n\n\n\n<figure class=\"wp-block-image size-full\"><img decoding=\"async\" src=\"https:\/\/www.zaslat.cz\/blog\/wp-content\/uploads\/evropska-unie.jpg\" alt=\"\"\/><\/figure>\n\n\n\n<h3 class=\"wp-block-heading\">Odes\u00edl\u00e1n\u00ed v r\u00e1mci EU<\/h3>\n\n\n\n<p>D\u00edky jednotn\u00e9mu trhu Evropsk\u00e9 unie lze mezi \u010dlensk\u00fdmi st\u00e1ty pos\u00edlat <strong>bal\u00edky bez celn\u00edho odbaven\u00ed a dodate\u010dn\u00fdch poplatk\u016f<\/strong>. To znamen\u00e1, \u017ee m\u016f\u017eete snadno poslat sv\u00e9 osobn\u00ed v\u011bci nebo d\u00e1rky rodin\u011b do zahrani\u010d\u00ed, ani\u017e byste museli \u0159e\u0161it slo\u017eitou administrativu. D\u00edky voln\u00e9mu pohybu v r\u00e1mci EU lze <a href=\"https:\/\/www.zaslat.cz\/ceniky\/balik-do-evropy\">pos\u00edlat zbo\u017e\u00ed i soukrom\u00e9 z\u00e1silky jednodu\u0161e a bez celn\u00edch bari\u00e9r<\/a>.<\/p>\n\n\n\n<h3 class=\"wp-block-heading\">Odes\u00edl\u00e1n\u00ed mimo EU<\/h3>\n\n\n\n<p>P\u0159i pos\u00edl\u00e1n\u00ed z\u00e1silek mimo EU, nap\u0159\u00edklad do <a href=\"https:\/\/www.zaslat.cz\/ceniky\/balik-do-usa\">USA<\/a>, <a href=\"https:\/\/www.zaslat.cz\/ceniky\/balik-do-kanady\">Kanady<\/a>, <a href=\"https:\/\/www.zaslat.cz\/ceniky\/balik-do-anglie\">Velk\u00e9 Brit\u00e1nie<\/a> nebo <a href=\"https:\/\/www.zaslat.cz\/ceniky\/balik-do-asie\">Asie<\/a>, <strong>je nutn\u00e9 po\u010d\u00edtat s celn\u00edm odbaven\u00edm<\/strong>. Ka\u017ed\u00e1 zem\u011b m\u00e1 sv\u00e9 specifick\u00e9 po\u017eadavky, ale s n\u00e1mi se nemus\u00edte ob\u00e1vat slo\u017eit\u00e9ho pap\u00edrov\u00e1n\u00ed. <strong>P\u0159i objedn\u00e1n\u00ed dopravy se v\u00e1m automaticky vygeneruje pot\u0159ebn\u00e1 celn\u00ed faktura<\/strong>. Sta\u010d\u00ed uv\u00e9st:<\/p>\n\n\n\n<ul>\n<li>Popis obsahu a jeho p\u016fvod<\/li>\n\n\n\n<li>Hodnotu z\u00e1silky<\/li>\n<\/ul>\n\n\n\n<h2 class=\"wp-block-heading\">Dejte si pozor na zak\u00e1zan\u00e9 polo\u017eky<\/h2>\n\n\n\n<p>Ne\u017e sv\u016fj bal\u00edk ode\u0161lete, <a href=\"https:\/\/www.zaslat.cz\/obsah-vylouceny-z-prepravy\">zkontrolujte seznam zak\u00e1zan\u00fdch polo\u017eek<\/a>. Mezin\u00e1rodn\u00ed z\u00e1silky podl\u00e9haj\u00ed ur\u010dit\u00fdm pravidl\u016fm a existuj\u00ed p\u0159edm\u011bty, kter\u00e9 poslat nelze. <strong>Jak\u00e9 to jsou?<\/strong><\/p>\n\n\n\n<ul>\n<li>Alkoholick\u00e9 n\u00e1poje, tab\u00e1kov\u00e9 v\u00fdrobky a zbo\u017e\u00ed podl\u00e9haj\u00edc\u00ed spot\u0159ebn\u00ed dani<\/li>\n\n\n\n<li>L\u00e9ky a l\u00e9\u010diva<\/li>\n\n\n\n<li>Zbo\u017e\u00ed s hodnotou vy\u0161\u0161\u00ed ne\u017e 5 000 EUR (asi 125 000 K\u010d)<\/li>\n\n\n\n<li>P\u0159edm\u011bty osobn\u00ed povahy (nap\u0159. oble\u010den\u00ed, fotografie apod.)<\/li>\n\n\n\n<li>a dal\u0161\u00ed<\/li>\n<\/ul>\n\n\n\n<p>Z leteck\u00e9 p\u0159epravy jsou pak vylou\u010deny baterie a akumul\u00e1tory, spreje a n\u00e1doby pod tlakem, ho\u0159laviny a dal\u0161\u00ed nebezpe\u010dn\u00e9 p\u0159edm\u011bty.<\/p>\n\n\n\n<p><strong>A pro\u010d, pt\u00e1te se?<\/strong> Vybran\u00e9 p\u0159edm\u011bty jsou z p\u0159epravy vylou\u010den\u00e9 hlavn\u011b <strong>kv\u016fli bezpe\u010dnosti<\/strong>, nap\u0159\u00edklad baterie nebo ho\u0159laviny by mohly ohrozit okol\u00ed. Alkohol, tab\u00e1k a l\u00e9ky pak podl\u00e9haj\u00ed speci\u00e1ln\u00edm <strong>celn\u00edm kontrol\u00e1m nebo regulac\u00edm<\/strong> a p\u0159edm\u011bty osobn\u00ed povahy by se mohly <strong>po\u0161kodit nebo ztratit<\/strong>. V p\u0159\u00edpad\u011b, \u017ee se rozhodnete pravidla poru\u0161it, m\u016f\u017ee se st\u00e1t, \u017ee va\u0161i z\u00e1silku dopravce odm\u00edtne doru\u010dit, nebo ji zabav\u00ed celn\u00ed org\u00e1ny. V nejhor\u0161\u00edm p\u0159\u00edpad\u011b m\u016f\u017eete dokonce \u010delit pokut\u00e1m.<\/p>\n\n\n\n<figure class=\"wp-block-image size-full\"><img decoding=\"async\" src=\"https:\/\/www.zaslat.cz\/blog\/wp-content\/uploads\/letecka-preprava.jpg\" alt=\"\"\/><\/figure>\n\n\n\n<h2 class=\"wp-block-heading\">Do Evropy i cel\u00e9ho sv\u011bta s dopravcem FedEx<\/h2>\n\n\n\n<p>A\u0165 u\u017e pos\u00edl\u00e1te bal\u00edk v r\u00e1mci Evropy, nebo daleko za jej\u00ed hranice, d\u016fle\u017eit\u00e9 je vybrat si spr\u00e1vn\u00e9ho dopravce. Na <a href=\"https:\/\/www.zaslat.cz\/\">Zaslat<\/a> si m\u016f\u017eete <strong>vyb\u00edrat z 9 obl\u00edben\u00fdch dopravc\u016f, se kter\u00fdmi jsme vyjednali skv\u011bl\u00e9 podm\u00ednky<\/strong>. Nyn\u00ed nab\u00edz\u00edme je\u0161t\u011b <strong>v\u00fdhodn\u011bj\u0161\u00ed ceny na <a href=\"https:\/\/www.zaslat.cz\/dopravce\/fedex\">p\u0159epravu do zahrani\u010d\u00ed s FedExem<\/a><\/strong>. Nov\u00e9 ceny m\u016f\u017eete vyu\u017e\u00edt na trase do t\u011bchto zem\u00ed:<\/p>\n\n\n\n<p><em>\ud83d\udccd N\u011bmecko, Rakousko, Polsko, Ma\u010farsko, Belgie, It\u00e1lie, Nizozemsko, Lucembursko, Rumunsko, D\u00e1nsko, \u0158ecko, \u0160pan\u011blsko, \u0160v\u00e9dsko, Estonsko, Finsko, Irsko, Loty\u0161sko, Litva, Norsko, \u0160v\u00fdcarsko, Velk\u00e1 Brit\u00e1nie a Francie<\/em><\/p>\n\n\n\n<p>Vyu\u017eijte slu\u017ebu <strong>FedEx Economy, kter\u00e1 doru\u010d\u00ed z\u00e1silky do 2\u20135 pracovn\u00edch dn\u016f<\/strong>, nebo expresn\u00ed doru\u010den\u00ed <strong>FedEx Priority, se kter\u00fdm doraz\u00ed va\u0161e z\u00e1silka na m\u00edsto do 1\u20133 pracovn\u00edch dn\u016f<\/strong>. Maxim\u00e1ln\u00ed hmotnost jedn\u00e9 z\u00e1silky m\u016f\u017ee b\u00fdt a\u017e 68 kg.<\/p>\n\n\n\n<p>FedEx pat\u0159\u00ed mezi <strong>nejv\u011bt\u0161\u00ed a nejspolehliv\u011bj\u0161\u00ed p\u0159epravn\u00ed spole\u010dnosti na sv\u011bt\u011b<\/strong>. Od roku 1984 buduje rozs\u00e1hlou expresn\u00ed leteckou s\u00ed\u0165 a silnou pozemn\u00ed logistiku po cel\u00e9 Evrop\u011b. Dopravce se anga\u017euje v oblasti udr\u017eitelnosti, sni\u017euje objem emis\u00ed a elektrifikuje sv\u016fj vozov\u00fd park.<\/p>\n\n\n\n<h3 class=\"wp-block-heading\">Jak objednat dopravu na Zaslat<\/h3>\n\n\n\n<ol>\n<li>Zadejte adresu odes\u00edlatele i p\u0159\u00edjemce.<\/li>\n\n\n\n<li>Vypl\u0148te \u00fadaje o z\u00e1silce a zvolte si jednoho z nab\u00edzen\u00fdch dopravc\u016f.<\/li>\n\n\n\n<li>P\u0159i odes\u00edl\u00e1n\u00ed bal\u00ed\u010dku mimo EU uve\u010fte hodnotu a obsah z\u00e1silky.<\/li>\n\n\n\n<li>Uhra\u010fte dopravu a po\u010dkejte na kur\u00fdra.<\/li>\n<\/ol>\n\n\n\n<p>Objednejte dopravu pro mal\u00e9 i velk\u00e9 z\u00e1silky <strong>online b\u011bhem p\u00e1r minut<\/strong>. Jedin\u00e1 va\u0161e starost je <a href=\"https:\/\/www.zaslat.cz\/jak-spravne-zabalit-balik\">bal\u00edk spr\u00e1vn\u011b zabalit<\/a>.<\/p>\n\n\n\n<div class=\"wp-block-uagb-marketing-button uagb-marketing-btn__align-center uagb-marketing-btn__align-text-center uagb-marketing-btn__icon-after uagb-block-2daa01aa wp-block-button\"><a href=\"https:\/\/www.zaslat.cz\/\" class=\"uagb-marketing-btn__link wp-block-button__link\" target=\"\" rel=\"noopener noreferrer\"><span class=\"uagb-marketing-btn__title\">Odeslat z\u00e1silku<\/span><svg xmlns=\"https:\/\/www.w3.org\/2000\/svg\" viewBox=\"0 0 448 512\"><path d=\"M246.6 233.4l-160-160c-12.5-12.5-32.75-12.5-45.25 0s-12.5 32.75 0 45.25L178.8 256l-137.4 137.4c-12.5 12.5-12.5 32.75 0 45.25C47.63 444.9 55.81 448 64 448s16.38-3.125 22.62-9.375l160-160C259.1 266.1 259.1 245.9 246.6 233.4zM438.6 233.4l-160-160c-12.5-12.5-32.75-12.5-45.25 0s-12.5 32.75 0 45.25L370.8 256l-137.4 137.4c-12.5 12.5-12.5 32.75 0 45.25C239.6 444.9 247.8 448 256 448s16.38-3.125 22.62-9.375l160-160C451.1 266.1 451.1 245.9 438.6 233.4z\"><\/path><\/svg><\/a><\/div>\n\n\n\n<hr class=\"wp-block-separator has-text-color has-ast-global-color-4-color has-alpha-channel-opacity has-ast-global-color-4-background-color has-background\"\/>\n\n\n\n<h2 class=\"wp-block-heading\">Pro\u010d pos\u00edlat s FedExem p\u0159es Zaslat?<\/h2>\n\n\n\n<p><a href=\"https:\/\/www.zaslat.cz\/dopravce\/fedex\">FedEx<\/a> je spolehliv\u00fd a rychl\u00fd dopravce, se kter\u00fdm m\u00e1te jistotu, \u017ee va\u0161e z\u00e1silka doraz\u00ed bezpe\u010dn\u011b a v\u010das. Na <a href=\"https:\/\/www.zaslat.cz\/\">Zaslat<\/a> automaticky <strong>p\u0159iprav\u00edme pot\u0159ebnou celn\u00ed dokumentaci<\/strong>, kterou po\u0161leme spole\u010dn\u011b s va\u0161\u00edm bal\u00edkem. Z\u00e1silku m\u016f\u017eete nav\u00edc na jej\u00ed cest\u011b do c\u00edlov\u00e9 destinace sledovat.<\/p>\n\n\n\n<p>Pot\u0159ebujete se na n\u011bco zeptat, nebo je s bal\u00edkem n\u011bco v nepo\u0159\u00e1dku? <a href=\"https:\/\/www.zaslat.cz\/kontakt\">Obra\u0165te se na na\u0161i z\u00e1kaznickou p\u00e9\u010di<\/a>, kter\u00e1 je pro v\u00e1s k dispozici ka\u017ed\u00fd v\u0161edn\u00ed den od 8 do 17 hodin.<\/p>\n\n\n\n<h2 class=\"wp-block-heading\">Z\u00e1v\u011br: Mezin\u00e1rodn\u00ed p\u0159eprava z\u00e1silek bez komplikac\u00ed<\/h2>\n\n\n\n<p>S FedExem a Zaslat zvl\u00e1dnete <strong>pos\u00edl\u00e1n\u00ed z\u00e1silek do zahrani\u010d\u00ed rychle, spolehliv\u011b a bez zbyte\u010dn\u00e9ho pap\u00edrov\u00e1n\u00ed<\/strong>. Od Evropy po Asii, od mal\u00fdch bal\u00ed\u010dk\u016f po t\u011b\u017ek\u00e9 z\u00e1silky \u2013 rychle a bez starost\u00ed.<\/p>\n\n\n\n<p><strong>V\u00fdhodn\u00e9 ceny, rychl\u00e1 doprava a automatick\u00e9 generov\u00e1n\u00ed celn\u00ed dokumentace<\/strong> \u2013 to v\u0161echno je <a href=\"https:\/\/www.zaslat.cz\/\">Zaslat<\/a>. Sta\u010d\u00ed jen spr\u00e1vn\u011b zabalit, objednat p\u0159epravu online a my se postar\u00e1me o zbytek.<\/p>\n","protected":false},"excerpt":{"rendered":"<p>Pos\u00edl\u00e1n\u00ed bal\u00edk\u016f do zahrani\u010d\u00ed u\u017e d\u00e1vno nen\u00ed slo\u017eit\u00fd proces, kter\u00fd by vy\u017eadoval n\u00e1v\u0161t\u011bvu po\u0161ty a zdlouhav\u00e9 pap\u00edrov\u00e1n\u00ed. Naopak \u2013 s modern\u00edmi platformami je to ot\u00e1zka na p\u00e1r kliknut\u00ed. A\u0165 u\u017e se st\u011bhujete na del\u0161\u00ed dobu do zahrani\u010d\u00ed, nebo se vrac\u00edte z dovolen\u00e9 s kufrem pln\u00fdm suven\u00fdr\u016f, se Zaslat po\u0161lete sv\u016fj bal\u00edk bez starost\u00ed \u2013 s &hellip;<\/p>\n<p class=\"read-more\"> <a class=\"\" href=\"https:\/\/www.zaslat.cz\/blog\/odesilani-do-zahranici-s-fedexem-a-zaslat-do-celeho-sveta\/\"> <span class=\"screen-reader-text\">Odes\u00edl\u00e1n\u00ed do zahrani\u010d\u00ed: S FedExem a Zaslat do cel\u00e9ho sv\u011bta<\/span> \u010c\u00edst d\u00e1l \u00bb<\/a><\/p>\n","protected":false},"author":2,"featured_media":4187,"comment_status":"closed","ping_status":"open","sticky":false,"template":"","format":"standard","meta":{"inline_featured_image":false,"_uag_custom_page_level_css":"","site-sidebar-layout":"default","site-content-layout":"default","ast-global-header-display":"","ast-main-header-display":"","ast-hfb-above-header-display":"","ast-hfb-below-header-display":"","ast-hfb-mobile-header-display":"","site-post-title":"","ast-breadcrumbs-content":null,"ast-featured-img":"","footer-sml-layout":"","theme-transparent-header-meta":"","adv-header-id-meta":"","stick-header-meta":"","header-above-stick-meta":"","header-main-stick-meta":"","header-below-stick-meta":""},"categories":[33],"tags":[],"yoast_head":"<!-- This site is optimized with the Yoast SEO plugin v20.2.1 - https:\/\/yoast.com\/wordpress\/plugins\/seo\/ -->\n<title>Odes\u00edl\u00e1n\u00ed do zahrani\u010d\u00ed: S FedExem a Zaslat do cel\u00e9ho sv\u011bta<\/title>\n<meta name=\"description\" content=\"A\u0165 u\u017e se st\u011bhujete na del\u0161\u00ed dobu do zahrani\u010d\u00ed, nebo se vrac\u00edte z dovolen\u00e9 s kufrem pln\u00fdm suven\u00fdr\u016f, se Zaslat po\u0161lete sv\u016fj bal\u00edk bez starost\u00ed.\" \/>\n<meta name=\"robots\" content=\"index, follow, max-snippet:-1, max-image-preview:large, max-video-preview:-1\" \/>\n<link rel=\"canonical\" href=\"https:\/\/www.zaslat.cz\/blog\/odesilani-do-zahranici-s-fedexem-a-zaslat-do-celeho-sveta\/\" \/>\n<meta property=\"og:locale\" content=\"cs_CZ\" \/>\n<meta property=\"og:type\" content=\"article\" \/>\n<meta property=\"og:title\" content=\"Odes\u00edl\u00e1n\u00ed do zahrani\u010d\u00ed: S FedExem a Zaslat do cel\u00e9ho sv\u011bta\" \/>\n<meta property=\"og:description\" content=\"A\u0165 u\u017e se st\u011bhujete na del\u0161\u00ed dobu do zahrani\u010d\u00ed, nebo se vrac\u00edte z dovolen\u00e9 s kufrem pln\u00fdm suven\u00fdr\u016f, se Zaslat po\u0161lete sv\u016fj bal\u00edk bez starost\u00ed.\" \/>\n<meta property=\"og:url\" content=\"https:\/\/www.zaslat.cz\/blog\/odesilani-do-zahranici-s-fedexem-a-zaslat-do-celeho-sveta\/\" \/>\n<meta property=\"og:site_name\" content=\"Zaslat.cz bloguje\" \/>\n<meta property=\"article:publisher\" content=\"https:\/\/www.facebook.com\/Zaslat\/\" \/>\n<meta property=\"article:published_time\" content=\"2025-04-08T09:59:26+00:00\" \/>\n<meta property=\"article:modified_time\" content=\"2025-10-08T14:34:52+00:00\" \/>\n<meta property=\"og:image\" content=\"https:\/\/www.zaslat.cz\/blog\/wp-content\/uploads\/mezinarodni-zasilky.jpg\" \/>\n\t<meta property=\"og:image:width\" content=\"1000\" \/>\n\t<meta property=\"og:image:height\" content=\"665\" \/>\n\t<meta property=\"og:image:type\" content=\"image\/jpeg\" \/>\n<meta name=\"author\" content=\"Irena Skokanov\u00e1\" \/>\n<meta name=\"twitter:card\" content=\"summary_large_image\" \/>\n<meta name=\"twitter:creator\" content=\"@Zaslat\" \/>\n<meta name=\"twitter:site\" content=\"@Zaslat\" \/>\n<meta name=\"twitter:label1\" content=\"Napsal(a)\" \/>\n\t<meta name=\"twitter:data1\" content=\"Irena Skokanov\u00e1\" \/>\n\t<meta name=\"twitter:label2\" content=\"Odhadovan\u00e1 doba \u010dten\u00ed\" \/>\n\t<meta name=\"twitter:data2\" content=\"5 minut\" \/>\n<script type=\"application\/ld+json\" class=\"yoast-schema-graph\">{\"@context\":\"https:\/\/schema.org\",\"@graph\":[{\"@type\":\"Article\",\"@id\":\"https:\/\/www.zaslat.cz\/blog\/odesilani-do-zahranici-s-fedexem-a-zaslat-do-celeho-sveta\/#article\",\"isPartOf\":{\"@id\":\"https:\/\/www.zaslat.cz\/blog\/odesilani-do-zahranici-s-fedexem-a-zaslat-do-celeho-sveta\/\"},\"author\":{\"name\":\"Irena Skokanov\u00e1\",\"@id\":\"https:\/\/www.zaslat.cz\/blog\/#\/schema\/person\/cd7911256fd5e019655234e3cf90f961\"},\"headline\":\"Odes\u00edl\u00e1n\u00ed do zahrani\u010d\u00ed: S FedExem a Zaslat do cel\u00e9ho sv\u011bta\",\"datePublished\":\"2025-04-08T09:59:26+00:00\",\"dateModified\":\"2025-10-08T14:34:52+00:00\",\"mainEntityOfPage\":{\"@id\":\"https:\/\/www.zaslat.cz\/blog\/odesilani-do-zahranici-s-fedexem-a-zaslat-do-celeho-sveta\/\"},\"wordCount\":1463,\"publisher\":{\"@id\":\"https:\/\/www.zaslat.cz\/blog\/#organization\"},\"articleSection\":[\"Dopravci\"],\"inLanguage\":\"cs\"},{\"@type\":\"WebPage\",\"@id\":\"https:\/\/www.zaslat.cz\/blog\/odesilani-do-zahranici-s-fedexem-a-zaslat-do-celeho-sveta\/\",\"url\":\"https:\/\/www.zaslat.cz\/blog\/odesilani-do-zahranici-s-fedexem-a-zaslat-do-celeho-sveta\/\",\"name\":\"Odes\u00edl\u00e1n\u00ed do zahrani\u010d\u00ed: S FedExem a Zaslat do cel\u00e9ho sv\u011bta\",\"isPartOf\":{\"@id\":\"https:\/\/www.zaslat.cz\/blog\/#website\"},\"datePublished\":\"2025-04-08T09:59:26+00:00\",\"dateModified\":\"2025-10-08T14:34:52+00:00\",\"description\":\"A\u0165 u\u017e se st\u011bhujete na del\u0161\u00ed dobu do zahrani\u010d\u00ed, nebo se vrac\u00edte z dovolen\u00e9 s kufrem pln\u00fdm suven\u00fdr\u016f, se Zaslat po\u0161lete sv\u016fj bal\u00edk bez starost\u00ed.\",\"breadcrumb\":{\"@id\":\"https:\/\/www.zaslat.cz\/blog\/odesilani-do-zahranici-s-fedexem-a-zaslat-do-celeho-sveta\/#breadcrumb\"},\"inLanguage\":\"cs\",\"potentialAction\":[{\"@type\":\"ReadAction\",\"target\":[\"https:\/\/www.zaslat.cz\/blog\/odesilani-do-zahranici-s-fedexem-a-zaslat-do-celeho-sveta\/\"]}]},{\"@type\":\"BreadcrumbList\",\"@id\":\"https:\/\/www.zaslat.cz\/blog\/odesilani-do-zahranici-s-fedexem-a-zaslat-do-celeho-sveta\/#breadcrumb\",\"itemListElement\":[{\"@type\":\"ListItem\",\"position\":1,\"name\":\"Dom\u016f\",\"item\":\"https:\/\/www.zaslat.cz\/blog\/\"},{\"@type\":\"ListItem\",\"position\":2,\"name\":\"Odes\u00edl\u00e1n\u00ed do zahrani\u010d\u00ed: S FedExem a Zaslat do cel\u00e9ho sv\u011bta\"}]},{\"@type\":\"WebSite\",\"@id\":\"https:\/\/www.zaslat.cz\/blog\/#website\",\"url\":\"https:\/\/www.zaslat.cz\/blog\/\",\"name\":\"Zaslat.cz bloguje\",\"description\":\"Z\u00e1silky, bal\u00edky, p\u0159eprava \u010dehokoliv - to je n\u00e1\u0161 sv\u011bt!\",\"publisher\":{\"@id\":\"https:\/\/www.zaslat.cz\/blog\/#organization\"},\"potentialAction\":[{\"@type\":\"SearchAction\",\"target\":{\"@type\":\"EntryPoint\",\"urlTemplate\":\"https:\/\/www.zaslat.cz\/blog\/?s={search_term_string}\"},\"query-input\":\"required name=search_term_string\"}],\"inLanguage\":\"cs\"},{\"@type\":\"Organization\",\"@id\":\"https:\/\/www.zaslat.cz\/blog\/#organization\",\"name\":\"Zaslat s.r.o.\",\"url\":\"https:\/\/www.zaslat.cz\/blog\/\",\"logo\":{\"@type\":\"ImageObject\",\"inLanguage\":\"cs\",\"@id\":\"https:\/\/www.zaslat.cz\/blog\/#\/schema\/logo\/image\/\",\"url\":\"https:\/\/www.zaslat.cz\/blog\/wp-content\/uploads\/alsendo-icon-triangl.png\",\"contentUrl\":\"https:\/\/www.zaslat.cz\/blog\/wp-content\/uploads\/alsendo-icon-triangl.png\",\"width\":2000,\"height\":2080,\"caption\":\"Zaslat s.r.o.\"},\"image\":{\"@id\":\"https:\/\/www.zaslat.cz\/blog\/#\/schema\/logo\/image\/\"},\"sameAs\":[\"https:\/\/www.facebook.com\/Zaslat\/\",\"https:\/\/twitter.com\/Zaslat\",\"https:\/\/www.instagram.com\/zaslat_by_alsendo\/\"]},{\"@type\":\"Person\",\"@id\":\"https:\/\/www.zaslat.cz\/blog\/#\/schema\/person\/cd7911256fd5e019655234e3cf90f961\",\"name\":\"Irena Skokanov\u00e1\",\"url\":\"https:\/\/www.zaslat.cz\/blog\/author\/iskokanova\/\"}]}<\/script>\n<!-- \/ Yoast SEO plugin. -->","yoast_head_json":{"title":"Odes\u00edl\u00e1n\u00ed do zahrani\u010d\u00ed: S FedExem a Zaslat do cel\u00e9ho sv\u011bta","description":"A\u0165 u\u017e se st\u011bhujete na del\u0161\u00ed dobu do zahrani\u010d\u00ed, nebo se vrac\u00edte z dovolen\u00e9 s kufrem pln\u00fdm suven\u00fdr\u016f, se Zaslat po\u0161lete sv\u016fj bal\u00edk bez starost\u00ed.","robots":{"index":"index","follow":"follow","max-snippet":"max-snippet:-1","max-image-preview":"max-image-preview:large","max-video-preview":"max-video-preview:-1"},"canonical":"https:\/\/www.zaslat.cz\/blog\/odesilani-do-zahranici-s-fedexem-a-zaslat-do-celeho-sveta\/","og_locale":"cs_CZ","og_type":"article","og_title":"Odes\u00edl\u00e1n\u00ed do zahrani\u010d\u00ed: S FedExem a Zaslat do cel\u00e9ho sv\u011bta","og_description":"A\u0165 u\u017e se st\u011bhujete na del\u0161\u00ed dobu do zahrani\u010d\u00ed, nebo se vrac\u00edte z dovolen\u00e9 s kufrem pln\u00fdm suven\u00fdr\u016f, se Zaslat po\u0161lete sv\u016fj bal\u00edk bez starost\u00ed.","og_url":"https:\/\/www.zaslat.cz\/blog\/odesilani-do-zahranici-s-fedexem-a-zaslat-do-celeho-sveta\/","og_site_name":"Zaslat.cz bloguje","article_publisher":"https:\/\/www.facebook.com\/Zaslat\/","article_published_time":"2025-04-08T09:59:26+00:00","article_modified_time":"2025-10-08T14:34:52+00:00","og_image":[{"width":1000,"height":665,"url":"https:\/\/www.zaslat.cz\/blog\/wp-content\/uploads\/mezinarodni-zasilky.jpg","type":"image\/jpeg"}],"author":"Irena Skokanov\u00e1","twitter_card":"summary_large_image","twitter_creator":"@Zaslat","twitter_site":"@Zaslat","twitter_misc":{"Napsal(a)":"Irena Skokanov\u00e1","Odhadovan\u00e1 doba \u010dten\u00ed":"5 minut"},"schema":{"@context":"https:\/\/schema.org","@graph":[{"@type":"Article","@id":"https:\/\/www.zaslat.cz\/blog\/odesilani-do-zahranici-s-fedexem-a-zaslat-do-celeho-sveta\/#article","isPartOf":{"@id":"https:\/\/www.zaslat.cz\/blog\/odesilani-do-zahranici-s-fedexem-a-zaslat-do-celeho-sveta\/"},"author":{"name":"Irena Skokanov\u00e1","@id":"https:\/\/www.zaslat.cz\/blog\/#\/schema\/person\/cd7911256fd5e019655234e3cf90f961"},"headline":"Odes\u00edl\u00e1n\u00ed do zahrani\u010d\u00ed: S FedExem a Zaslat do cel\u00e9ho sv\u011bta","datePublished":"2025-04-08T09:59:26+00:00","dateModified":"2025-10-08T14:34:52+00:00","mainEntityOfPage":{"@id":"https:\/\/www.zaslat.cz\/blog\/odesilani-do-zahranici-s-fedexem-a-zaslat-do-celeho-sveta\/"},"wordCount":1463,"publisher":{"@id":"https:\/\/www.zaslat.cz\/blog\/#organization"},"articleSection":["Dopravci"],"inLanguage":"cs"},{"@type":"WebPage","@id":"https:\/\/www.zaslat.cz\/blog\/odesilani-do-zahranici-s-fedexem-a-zaslat-do-celeho-sveta\/","url":"https:\/\/www.zaslat.cz\/blog\/odesilani-do-zahranici-s-fedexem-a-zaslat-do-celeho-sveta\/","name":"Odes\u00edl\u00e1n\u00ed do zahrani\u010d\u00ed: S FedExem a Zaslat do cel\u00e9ho sv\u011bta","isPartOf":{"@id":"https:\/\/www.zaslat.cz\/blog\/#website"},"datePublished":"2025-04-08T09:59:26+00:00","dateModified":"2025-10-08T14:34:52+00:00","description":"A\u0165 u\u017e se st\u011bhujete na del\u0161\u00ed dobu do zahrani\u010d\u00ed, nebo se vrac\u00edte z dovolen\u00e9 s kufrem pln\u00fdm suven\u00fdr\u016f, se Zaslat po\u0161lete sv\u016fj bal\u00edk bez starost\u00ed.","breadcrumb":{"@id":"https:\/\/www.zaslat.cz\/blog\/odesilani-do-zahranici-s-fedexem-a-zaslat-do-celeho-sveta\/#breadcrumb"},"inLanguage":"cs","potentialAction":[{"@type":"ReadAction","target":["https:\/\/www.zaslat.cz\/blog\/odesilani-do-zahranici-s-fedexem-a-zaslat-do-celeho-sveta\/"]}]},{"@type":"BreadcrumbList","@id":"https:\/\/www.zaslat.cz\/blog\/odesilani-do-zahranici-s-fedexem-a-zaslat-do-celeho-sveta\/#breadcrumb","itemListElement":[{"@type":"ListItem","position":1,"name":"Dom\u016f","item":"https:\/\/www.zaslat.cz\/blog\/"},{"@type":"ListItem","position":2,"name":"Odes\u00edl\u00e1n\u00ed do zahrani\u010d\u00ed: S FedExem a Zaslat do cel\u00e9ho sv\u011bta"}]},{"@type":"WebSite","@id":"https:\/\/www.zaslat.cz\/blog\/#website","url":"https:\/\/www.zaslat.cz\/blog\/","name":"Zaslat.cz bloguje","description":"Z\u00e1silky, bal\u00edky, p\u0159eprava \u010dehokoliv - to je n\u00e1\u0161 sv\u011bt!","publisher":{"@id":"https:\/\/www.zaslat.cz\/blog\/#organization"},"potentialAction":[{"@type":"SearchAction","target":{"@type":"EntryPoint","urlTemplate":"https:\/\/www.zaslat.cz\/blog\/?s={search_term_string}"},"query-input":"required name=search_term_string"}],"inLanguage":"cs"},{"@type":"Organization","@id":"https:\/\/www.zaslat.cz\/blog\/#organization","name":"Zaslat s.r.o.","url":"https:\/\/www.zaslat.cz\/blog\/","logo":{"@type":"ImageObject","inLanguage":"cs","@id":"https:\/\/www.zaslat.cz\/blog\/#\/schema\/logo\/image\/","url":"https:\/\/www.zaslat.cz\/blog\/wp-content\/uploads\/alsendo-icon-triangl.png","contentUrl":"https:\/\/www.zaslat.cz\/blog\/wp-content\/uploads\/alsendo-icon-triangl.png","width":2000,"height":2080,"caption":"Zaslat s.r.o."},"image":{"@id":"https:\/\/www.zaslat.cz\/blog\/#\/schema\/logo\/image\/"},"sameAs":["https:\/\/www.facebook.com\/Zaslat\/","https:\/\/twitter.com\/Zaslat","https:\/\/www.instagram.com\/zaslat_by_alsendo\/"]},{"@type":"Person","@id":"https:\/\/www.zaslat.cz\/blog\/#\/schema\/person\/cd7911256fd5e019655234e3cf90f961","name":"Irena Skokanov\u00e1","url":"https:\/\/www.zaslat.cz\/blog\/author\/iskokanova\/"}]}},"uagb_featured_image_src":{"full":["https:\/\/www.zaslat.cz\/blog\/wp-content\/uploads\/mezinarodni-zasilky.jpg",1000,665,false],"thumbnail":["https:\/\/www.zaslat.cz\/blog\/wp-content\/uploads\/mezinarodni-zasilky-150x150.jpg",150,150,true],"medium":["https:\/\/www.zaslat.cz\/blog\/wp-content\/uploads\/mezinarodni-zasilky-300x200.jpg",300,200,true],"medium_large":["https:\/\/www.zaslat.cz\/blog\/wp-content\/uploads\/mezinarodni-zasilky-768x511.jpg",768,511,true],"large":["https:\/\/www.zaslat.cz\/blog\/wp-content\/uploads\/mezinarodni-zasilky.jpg",1000,665,false],"1536x1536":["https:\/\/www.zaslat.cz\/blog\/wp-content\/uploads\/mezinarodni-zasilky.jpg",1000,665,false],"2048x2048":["https:\/\/www.zaslat.cz\/blog\/wp-content\/uploads\/mezinarodni-zasilky.jpg",1000,665,false]},"uagb_author_info":{"display_name":"Irena Skokanov\u00e1","author_link":"https:\/\/www.zaslat.cz\/blog\/author\/iskokanova\/"},"uagb_comment_info":0,"uagb_excerpt":"Pos\u00edl\u00e1n\u00ed bal\u00edk\u016f do zahrani\u010d\u00ed u\u017e d\u00e1vno nen\u00ed slo\u017eit\u00fd proces, kter\u00fd by vy\u017eadoval n\u00e1v\u0161t\u011bvu po\u0161ty a zdlouhav\u00e9 pap\u00edrov\u00e1n\u00ed. Naopak \u2013 s modern\u00edmi platformami je to ot\u00e1zka na p\u00e1r kliknut\u00ed. A\u0165 u\u017e se st\u011bhujete na del\u0161\u00ed dobu do zahrani\u010d\u00ed, nebo se vrac\u00edte z dovolen\u00e9 s kufrem pln\u00fdm suven\u00fdr\u016f, se Zaslat po\u0161lete sv\u016fj bal\u00edk bez starost\u00ed \u2013 s&hellip;","_links":{"self":[{"href":"https:\/\/www.zaslat.cz\/blog\/wp-json\/wp\/v2\/posts\/4183"}],"collection":[{"href":"https:\/\/www.zaslat.cz\/blog\/wp-json\/wp\/v2\/posts"}],"about":[{"href":"https:\/\/www.zaslat.cz\/blog\/wp-json\/wp\/v2\/types\/post"}],"author":[{"embeddable":true,"href":"https:\/\/www.zaslat.cz\/blog\/wp-json\/wp\/v2\/users\/2"}],"replies":[{"embeddable":true,"href":"https:\/\/www.zaslat.cz\/blog\/wp-json\/wp\/v2\/comments?post=4183"}],"version-history":[{"count":2,"href":"https:\/\/www.zaslat.cz\/blog\/wp-json\/wp\/v2\/posts\/4183\/revisions"}],"predecessor-version":[{"id":4188,"href":"https:\/\/www.zaslat.cz\/blog\/wp-json\/wp\/v2\/posts\/4183\/revisions\/4188"}],"wp:featuredmedia":[{"embeddable":true,"href":"https:\/\/www.zaslat.cz\/blog\/wp-json\/wp\/v2\/media\/4187"}],"wp:attachment":[{"href":"https:\/\/www.zaslat.cz\/blog\/wp-json\/wp\/v2\/media?parent=4183"}],"wp:term":[{"taxonomy":"category","embeddable":true,"href":"https:\/\/www.zaslat.cz\/blog\/wp-json\/wp\/v2\/categories?post=4183"},{"taxonomy":"post_tag","embeddable":true,"href":"https:\/\/www.zaslat.cz\/blog\/wp-json\/wp\/v2\/tags?post=4183"}],"curies":[{"name":"wp","href":"https:\/\/api.w.org\/{rel}","templated":true}]}}