{"id":2724,"date":"2020-02-13T07:50:31","date_gmt":"2020-02-13T06:50:31","guid":{"rendered":"https:\/\/www.zaslat.cz\/blog\/?p=1140"},"modified":"2020-02-13T07:50:31","modified_gmt":"2020-02-13T06:50:31","slug":"z-jineho-balicku-umeni-neni-vyhrada-nekolika-malo-lidi-pro-umeni-ma-cit-kazdy-zprostredkovava-krasu-a-harmonii-rika-tomas-jarosek-vyrobce-hudebnich-nastroju-muzikoterapeut-a-za","status":"publish","type":"post","link":"https:\/\/www.zaslat.cz\/blog\/z-jineho-balicku-umeni-neni-vyhrada-nekolika-malo-lidi-pro-umeni-ma-cit-kazdy-zprostredkovava-krasu-a-harmonii-rika-tomas-jarosek-vyrobce-hudebnich-nastroju-muzikoterapeut-a-za\/","title":{"rendered":"\u201eUm\u011bn\u00ed nen\u00ed v\u00fdhrada n\u011bkolika m\u00e1lo lid\u00ed. Pro um\u011bn\u00ed m\u00e1 cit ka\u017ed\u00fd, zprost\u0159edkov\u00e1v\u00e1 kr\u00e1su a harmonii.\u201c \u0159\u00edk\u00e1 Tom\u00e1\u0161 Jaro\u0161ek, v\u00fdrobce hudebn\u00edch n\u00e1stroj\u016f, muzikoterapeut a zakladatel firmy Harmoniezvuku.cz"},"content":{"rendered":"<p><b>Dnes v na\u0161\u00ed rubrice Z JIN\u00c9HO BAL\u00cd\u010cKU tro\u0161ku zjemn\u00edme a pod\u00edv\u00e1me se do hloubi na\u0161eho nitra. D\u00edky Tom\u00e1\u0161i Jaro\u0161kovi, muzikoterapeutovi a z\u00e1kazn\u00edkovi Zaslat.cz, si uk\u00e1\u017eeme jednu z neot\u0159el\u00fdch mo\u017enost\u00ed, jak pe\u010dovat o sv\u00e9 du\u0161evn\u00ed zdrav\u00ed. V prvn\u00ed \u010d\u00e1sti rozhovoru jsme si pov\u00eddali o muzikoterapii a um\u011bn\u00ed.<\/b><!--more--><\/p>\n<h5><b>Na va\u0161ich str\u00e1nk\u00e1ch <\/b><a href=\"http:\/\/www.harmoniezvuku.cz\/\"><b>Harmoniezvuku.cz<\/b><\/a><b> si mohou z\u00e1jemci po\u0159\u00eddit atypick\u00e9 hudebn\u00ed n\u00e1stroje, ale tak\u00e9 zjistit n\u011bco o muzikoterapii. M\u016f\u017eete n\u00e1m na \u00favod p\u0159ibl\u00ed\u017eit, \u010d\u00edm v\u0161\u00edm se zab\u00fdv\u00e1te?&nbsp;<\/b><\/h5>\n<p><span style=\"font-weight: 400;\">V\u00fdrobou n\u00e1stroj\u016f, muzikoterapi\u00ed a p\u0159edn\u00e1\u0161kovou \u010dinnost\u00ed. V\u0161echno jde ruku v ruce, proto\u017ee b\u011bhem terapi\u00ed pou\u017e\u00edv\u00e1m p\u0159ev\u00e1\u017en\u011b n\u00e1stroje, kter\u00e9 vyr\u00e1b\u00edm. Z\u00e1rove\u0148 je prod\u00e1v\u00e1m na r\u016fzn\u00fdch semin\u00e1\u0159\u00edch duchovn\u00edho nebo osobn\u00edho rozvoje.&nbsp;<\/span><\/p>\n<h5><b>M\u011bl jste vztah k hudb\u011b u\u017e od d\u011btstv\u00ed nebo jste se k n\u00ed dostal postupn\u011b?&nbsp;<\/b><\/h5>\n<p><span style=\"font-weight: 400;\">Od d\u011btstv\u00ed jsem k hudb\u011b vztah nem\u011bl. Jdu vlastn\u00ed, dost specifickou cestou. V d\u011btstv\u00ed jsem spadal do kategorie&nbsp; \u201chluch\u00fd jak poleno\u201d. Byl jsem ten, kter\u00fd dost\u00e1val dvojku z hudebn\u00ed v\u00fdchovy a pak mi to kazilo prosp\u011bch na p\u0159ij\u00edma\u010dky na st\u0159edn\u00ed. Neum\u011bl jsem hr\u00e1t, neum\u011bl jsem zp\u00edvat, a tak \u201ejsem se musel dob\u0159e u\u010dit, proto\u017ee rukama se pr\u00fd tak\u00e9 nikdy \u017eivit nebudu\u201c. Te\u010f to v\u0161echno d\u011bl\u00e1m.&nbsp;<\/span><\/p>\n<h5><b>M\u00e1 ka\u017ed\u00fd cit pro hudbu?<\/b><\/h5>\n<p><span style=\"font-weight: 400;\">Jsem o tom hluboce p\u0159esv\u011bd\u010den. Ka\u017ed\u00fd m\u00e1 cit nejen pro hudbu, ale obecn\u011b pro ka\u017ed\u00e9 um\u011bn\u00ed, kter\u00e9 zprost\u0159edkov\u00e1v\u00e1 kr\u00e1su a harmonii. Um\u011bn\u00ed se dot\u00fdk\u00e1 nejen na\u0161eho rozumu a na\u0161\u00ed v\u016fle, ale p\u0159edev\u0161\u00edm citu, kter\u00fd m\u00e1 v sob\u011b \u00fapln\u011b ka\u017ed\u00fd. N\u011bkdo ho m\u00e1 rozvinut v\u00edce, jin\u00fd m\u00e9n\u011b. Cesta muzikoterapie &#8211; cit je obousm\u011brn\u00e1. Skrze pro\u017eitky hudebn\u00ed harmonie mohu rozv\u00edjet cit a skrze rozv\u00edjen\u00ed citu jsem schopn\u00fd v\u00edce vn\u00edmat hudebn\u00ed nebo um\u011bleckou harmonii a d\u00e1le s n\u00ed pracovat.<\/span><\/p>\n<h5><b>Jak\u00fdm zp\u016fsobem m\u016f\u017ee \u010dlov\u011bk sv\u016fj sluch rozv\u00edjet?<\/b><\/h5>\n<p><span style=\"font-weight: 400;\">Sluch, resp. schopnost sly\u0161et, je \u010dinnost, kterou zlep\u0161ujeme v\u011bdom\u00fdm a \u010dast\u00fdm pou\u017e\u00edv\u00e1n\u00edm \u2013 tak jako jin\u00e9 \u010dinnosti.<\/span><\/p>\n<p><span style=\"font-weight: 400;\">Samoz\u0159ejm\u011b ot\u00e1zka sly\u0161en\u00ed je pon\u011bkud komplexn\u011bj\u0161\u00ed, ne\u017e jednoduch\u00e1 fyzick\u00e1 aktivita. V\u017edy ale plat\u00ed, \u017ee o tom mus\u00edte n\u011bco v\u011bd\u011bt, abyste pracovali vhodn\u00fdm sm\u011brem.<\/span><\/p>\n<p><span style=\"font-weight: 400;\">T\u011blo a jeho \u010d\u00e1sti jsou n\u00e1stroje a z\u00e1le\u017e\u00ed na n\u00e1s, jak\u00fdm zp\u016fsobem toho vyu\u017eijeme.<\/span><\/p>\n<p><span style=\"font-weight: 400;\">V d\u011btstv\u00ed jsem m\u011bl velmi nerozvinut\u00fd sluch. A na v\u011bty \u201evy m\u00e1te jist\u011b absolutn\u00ed sluch\u201c st\u00e1le reaguji se vtipem, \u017ee m\u00e1m tolerantn\u00ed sluch.&nbsp;<\/span><span style=\"font-weight: 400;\">Poda\u0159ilo se mi ho rozvinout t\u00edm, \u017ee jsem za\u010dal vyr\u00e1b\u011bt hudebn\u00ed n\u00e1stroje a hr\u00e1t na n\u011b.&nbsp;<\/span><\/p>\n<p><span style=\"font-weight: 400;\">Cestou otev\u0159en\u00ed sluchu m\u016f\u017ee b\u00fdt pr\u00e1v\u011b semin\u00e1\u0159 muzikoterapie, kter\u00fd mn\u011b na za\u010d\u00e1tku tak\u00e9 velmi pomohl.&nbsp;<\/span><span style=\"font-weight: 400;\">Na v\u00edkendov\u00e9m semin\u00e1\u0159i jsem byl vystaven \u010dist\u00fdm libozvu\u010dn\u00fdm t\u00f3n\u016fm a intenzivn\u011b jsem pracoval s hudebn\u00ed harmoni\u00ed. To bylo je\u0161t\u011b v dob\u011b, \u201ehluch\u00fd skoro jak poleno\u201c.&nbsp;<\/span><span style=\"font-weight: 400;\">B\u011bhem dvou dn\u016f hudebn\u00edho soust\u0159ed\u011bn\u00ed jsem se dostal do stavu, kdy jsme sice m\u011bli nalad\u011bn\u00e9 n\u00e1stroje, ale j\u00e1 si v\u0161iml, \u017ee mi n\u011bco nelad\u00ed. P\u0159i\u0161el to zkontrolovat lektor sv\u00fdm sluchem. Odpov\u011bd\u011bl, \u017ee je to dobr\u00e9 a dolad\u00edm to sluchem, co\u017e v praxi znamen\u00e1, \u017ee ta nuance byla tak mal\u00e1, \u017ee ani jemu to nevadilo.&nbsp;<\/span><span style=\"font-weight: 400;\">Byl jsem v naprost\u00e9m \u00fa\u017easu, \u017ee to jsem schopen sly\u0161et ! Sluch se mi tedy s\u00e1m za\u010dal rozv\u00edjet, proto\u017ee jsem v\u011bdom\u011b pracoval se zvukem \u2013 hudbou. A stalo se to jako \u201evedlej\u0161\u00ed efekt\u201c, tento semin\u00e1\u0159 toti\u017e nebyl prim\u00e1rn\u011b zam\u011b\u0159en na rozv\u00edjen\u00ed sluchu, byla to v\u00fduka hry na strunn\u00fd n\u00e1stroj.<\/span><\/p>\n<p><span style=\"font-weight: 400;\">P\u0159eji si, aby se na \u0161kol\u00e1ch za\u010daly provozovat opravdov\u00e9 v\u00fdchovy. Alespo\u0148 v minulosti to bylo tak, \u017ee se provozovala pouze zkou\u0161en\u00ed &#8211; hudebn\u00ed, t\u011blesn\u00e1 v\u00fdtvarn\u00e1 a \u017eel tak\u00e9 ob\u010dansk\u00e1 zkou\u0161en\u00ed. Pro\u0161la si t\u00edm v\u011bt\u0161ina z n\u00e1s.&nbsp;<\/span><\/p>\n<p><span style=\"font-weight: 400;\">Kdy\u017e d\u00edt\u011b ani neudr\u017e\u00ed rytmus, tak jej nepo\u0161lu na konec \u0159ady, ale za\u010dnu s n\u00edm pracovat pomoc\u00ed rytmick\u00e9ho cvi\u010den\u00ed. D\u00e1m mu ur\u010dit\u00e9 techniky, d\u00edky kter\u00fdm nez\u016fstaneme jen u rytmu, ale nau\u010d\u00edm jej dokonce i sly\u0161et a t\u00edm pak i zp\u00edvat.&nbsp;<\/span><span style=\"font-weight: 400;\">Ka\u017ed\u00fd \u010dlov\u011bk by m\u011bl alespo\u0148 na z\u00e1kladn\u00ed \u00farovn\u00ed pracovat s um\u011bn\u00edm. Nemysl\u00edm si, \u017ee je to n\u011bco nav\u00edc.<\/span><\/p>\n<p><span style=\"font-weight: 400;\">Chl\u00e9b je potrava t\u011bla. Um\u011bn\u00ed je potrava ducha.&nbsp;<\/span><\/p>\n<h5><b>Co je \u00fa\u010delem hudby? M\u016f\u017ee m\u00edt nap\u0159\u00edklad i l\u00e9\u010debn\u00e9 \u00fa\u010dinky?<\/b><\/h5>\n<p><span style=\"font-weight: 400;\">Ve\u0159ejn\u00e9 um\u011bn\u00ed by m\u011blo povzn\u00e1\u0161et ducha. \u017de se to d\u011bje jinak uvedu na p\u0159\u00edkladu. Jsem mal\u00ed\u0159, kter\u00fd proch\u00e1z\u00ed silnou depres\u00ed a na to pl\u00e1tno namaluji n\u011bjak\u00fd pekeln\u00fd v\u00fdjev.<\/span><span style=\"font-weight: 400;\"><br \/>\n<\/span><span style=\"font-weight: 400;\"><br \/>\n<\/span><span style=\"font-weight: 400;\">Mn\u011b to pom\u016f\u017ee, vyu\u017eiji t\u00edm terapeutick\u00fd potenci\u00e1l um\u011bn\u00ed. Obraz bych m\u011bl ale vz\u00edt a sp\u00e1lit, rozhodn\u011b bych ho nem\u011bl vystavovat, aby ho lid\u00e9 chodili obdivovat. Um\u011bn\u00ed p\u016fsob\u00ed na \u010dlov\u011bka velice siln\u011b. Skrze n\u011bj se lid\u00e9 spojuj\u00ed s formami, se kter\u00fdmi byl spojen um\u011blec p\u0159i jeho tvorb\u011b.&nbsp;<\/span><span style=\"font-weight: 400;\">Nav\u00edc sp\u00e1len\u00ed temn\u00e9ho obrazu mohu br\u00e1t jako dokon\u00e1n\u00ed o\u010disty sv\u00e9ho nitra.<\/span><\/p>\n<p><span style=\"font-weight: 400;\">Spousta lid\u00ed by se mnou nesouhlasila, ale i p\u0159esto si mysl\u00edm, \u017ee ve\u0159ejn\u00e9 um\u011bn\u00ed by m\u011blo p\u0159edev\u0161\u00edm zprost\u0159edkov\u00e1vat kr\u00e1su a harmonii.<\/span><\/p>\n<p><span style=\"font-weight: 400;\">Co se ale t\u00fd\u010de um\u011bn\u00ed obecn\u011b, to m\u016f\u017ee m\u00edt terapeutick\u00fd, eduka\u010dn\u00ed, soci\u00e1ln\u00ed a spiritu\u00e1ln\u00ed smysl. V r\u00e1mci muzikoterapie pak m\u016f\u017eeme c\u00edlen\u011b pracovat i s agres\u00ed. Velmi zjednodu\u0161en\u011b \u0159e\u010deno vezmu buben a vybubnuji to ven. Nebudu ale tu emoci p\u0159ed\u00e1vat dal\u0161\u00edm lidem skrze nahr\u00e1vku. Toto je l\u00e9\u010debn\u00e1 forma um\u011bn\u00ed a tak to m\u00e1 z\u016fstat.&nbsp;<\/span><\/p>\n<h5><b>Co konkr\u00e9tn\u011b si m\u016f\u017ee \u010dlov\u011bk p\u0159edstavit pod muzikoterpai\u00ed? Setk\u00e1me se s n\u00ed i v b\u011b\u017en\u00e9m \u017eivot\u011b, ani\u017e bychom o tom v\u011bd\u011bli?&nbsp;<\/b><\/h5>\n<p><span style=\"font-weight: 400;\">Z\u00e1kladem terapie je, \u017ee do n\u00ed vstupujete s pln\u00fdm v\u011bdom\u00edm a dobrovoln\u011b. V \u017e\u00e1dn\u00e9m p\u0159\u00edpad\u011b byste tedy nem\u011bli b\u00fdt v jak\u00e9koliv terapii bez sv\u00e9ho souhlasu.<\/span><\/p>\n<p><span style=\"font-weight: 400;\">Z hudebn\u00edho koncertu by se nem\u011bla d\u011blat muzikoterapie. J\u00e1 m\u00e1m ve skupin\u011b cca 15-20 osob maxim\u00e1ln\u011b. Na koncertu jsou to stovky a tis\u00edce. Nen\u00ed tam prostor, aby se v\u00e1m hudebn\u00edk v\u011bnoval tak\u00e9 jako terapeut.<\/span><\/p>\n<p><span style=\"font-weight: 400;\">Terapie je z \u0159eck\u00e9ho slova \u201cl\u00e9\u010dit\u201d a l\u00e9\u010dit v \u0161irok\u00e9m slova smyslu znamen\u00e1 usilovat o pozitivn\u00ed zm\u011bnu. Z toho vypl\u00fdv\u00e1, \u017ee muzikoterapie je pro ka\u017ed\u00e9ho, kdo chce zlep\u0161it n\u011bco ve sv\u00e9m \u017eivot\u011b.<\/span><\/p>\n<p><span style=\"font-weight: 400;\">N\u011bco jin\u00e9ho pak je ve\u0159ejn\u00e9 ovliv\u0148ov\u00e1n\u00ed um\u011bn\u00edm. To se d\u011bje ve velk\u00e9 m\u00ed\u0159e a m\u016f\u017ee to b\u00fdt pozitivn\u011b i negativn\u011b. Z t\u011bch pozitivn\u00edch existuj\u00ed n\u00e1dhern\u00e9 v\u00fdzkumy. Ve Spojen\u00fdch st\u00e1tech d\u011blali v\u00fdzkum, kdy v n\u00e1kupn\u00edm centru m\u00edsto obvykl\u00e9 popul\u00e1rn\u00ed hudby za\u010dali pou\u0161t\u011bt uklid\u0148uj\u00edc\u00ed klasickou hudbu. Po \u010dase pozorovali neskute\u010dn\u00fd pokles kr\u00e1de\u017ee \u2013 tento probl\u00e9m&nbsp; v podstat\u011b zcela zmizel. Kdy\u017e chce \u010dlov\u011bk kr\u00e1st, tak se pohybuje v ni\u017e\u0161\u00edch \u201en\u00e1lad\u00e1ch\u201c a p\u016fjde rad\u011bji kr\u00e1st do obchodu, kde hraje agresivn\u011bj\u0161\u00ed hudba nebo minim\u00e1ln\u011b takov\u00e1, co v sob\u011b moc kr\u00e1sy nem\u00e1. V obecn\u00e9 rovin\u011b to je o celkov\u00e9m prost\u0159ed\u00ed obchodu, kter\u00e9 v\u00edce nebo m\u00e9n\u011b odpov\u00edd\u00e1 jeho nitru.<\/span><\/p>\n<p><span style=\"font-weight: 400;\">To nen\u00ed ezoterika, to je fyzika a psychologie.<\/span><\/p>\n<h5><b>Pro koho je tento typ terapie vhodn\u00fd? S \u010d\u00edm n\u00e1m m\u016f\u017ee pomoci?&nbsp;<\/b><\/h5>\n<p><span style=\"font-weight: 400;\">Je vhodn\u00e1 v podstat\u011b pro kohokoliv. Sta\u010d\u00ed ji cht\u00edt vyzkou\u0161et.&nbsp;<\/span><span style=\"font-weight: 400;\">Rozhodn\u011b je vhodn\u00e1 pro lidi, kte\u0159\u00ed um\u011bn\u00ed neprovozuj\u00ed v \u017e\u00e1dn\u00e9 form\u011b. To je omyl, \u017ee by byla ur\u010dena pro hudebn\u00edky.<\/span><\/p>\n<p><span style=\"font-weight: 400;\">Muzikoterapie se vyu\u017e\u00edv\u00e1 v osobn\u00edm rozvoji, tedy ve vztahu k sob\u011b, ke sv\u011btu, k druh\u00fdm a k n\u011b\u010demu vy\u0161\u0161\u00edmu. Mohou se t\u00edm zlep\u0161ovat soci\u00e1ln\u00ed dovednosti a spoustu dal\u0161\u00edho. Je to komplexn\u00ed psychoterapie s \u0161irok\u00fdm zam\u011b\u0159en\u00edm do ka\u017edodenn\u00edho \u017eivota.<\/span><\/p>\n<h5><b>Je muzikoterapie obecn\u011b zn\u00e1m\u00e1 mezi psychoterapeuty?<\/b><\/h5>\n<p><span style=\"font-weight: 400;\">Ur\u010dit\u011b ano.&nbsp; Jak moc je pou\u017e\u00edv\u00e1na a akceptov\u00e1na odborn\u00edky a ve\u0159ejnost\u00ed u\u017e je v\u011bc druh\u00e1.&nbsp;<\/span><span style=\"font-weight: 400;\">Samoz\u0159ejm\u011b z\u00e1le\u017e\u00ed, v jak\u00e9 zemi nebo kontinentu se pohybujeme a tak\u00e9 na druhu terapie.<\/span><span style=\"font-weight: 400;\"><br \/>\n<\/span><span style=\"font-weight: 400;\"><br \/>\n<\/span><span style=\"font-weight: 400;\">Muziko-thanatalogie se zab\u00fdv\u00e1 hudebn\u00edm doprov\u00e1zen\u00edm lid\u00ed na sklonku jejich pozemsk\u00e9ho \u017eivota. V americk\u00e9m Oregonu, kde \u017eije novodob\u00e1 zakladatelka tohoto sm\u011bru, u\u017e i v 90. letech existovaly nemocnice, kter\u00e9 ve sv\u00e9m vybaven\u00ed m\u011bly i harfy. Hr\u00e1li na n\u011b pro\u0161kolen\u00ed muzikoterapeuti, kte\u0159\u00ed byli dokonce zam\u011bstn\u00e1ni na pln\u00fd \u00favazek. To v \u010cesku zat\u00edm b\u011b\u017en\u00e9 nen\u00ed. Ale snad jednou&#8230;<\/span><\/p>\n<h5><b>M\u016f\u017eete n\u00e1m pr\u016fb\u011bh terapie popsat?<\/b><\/h5>\n<p><span style=\"font-weight: 400;\">Co \u010dlov\u011bk a lektor, to jedine\u010dn\u00fd p\u0159\u00edb\u011bh. Forma m\u016f\u017ee b\u00fdt aktivn\u00ed i receptivn\u00ed (p\u0159ij\u00edmac\u00ed, naslouchac\u00ed), d\u00e1le individu\u00e1ln\u00ed a skupinov\u00e1.&nbsp;<\/span><span style=\"font-weight: 400;\">J\u00e1 se mimo jin\u00e9 zab\u00fdv\u00e1m muzikoterapeutickou relaxac\u00ed. Le\u017e\u00edte, poslouch\u00e1te hudbu a mluven\u00e9 slovo. Po\u0159\u00e1d\u00e1m ale i muzikoterapeutick\u00e9 kruhy, kde \u00fa\u010dastn\u00edci aktivn\u011b vyu\u017e\u00edvaj\u00ed n\u00e1stroje. Tak\u00e9 se pracuje s pohybem a dal\u0161\u00edmi prost\u0159edky. Univerz\u00e1ln\u011b se to popsat ned\u00e1.&nbsp;<\/span><\/p>\n<h5><b>Je pomoc instantn\u00ed nebo je pot\u0159eba muzikoterapii v\u011bnovat v\u00edce \u010dasu?<\/b><\/h5>\n<p><span style=\"font-weight: 400;\">Z\u00e1le\u017e\u00ed s \u010d\u00edm pracujete. Hudebn\u00ed pilulky nerozd\u00e1v\u00e1me. Obecn\u011b je tedy pot\u0159eba v\u00edce \u010dasu, ale d\u011bj\u00ed se i \u201ez\u00e1zraky\u201c.&nbsp;&nbsp;<\/span><span style=\"font-weight: 400;\">Je to jemn\u00e1 dlouhodob\u00e1 pr\u00e1ce na sob\u011b. Na druhou stranu d\u016fle\u017eit\u00e1 zm\u011bna m\u016f\u017ee b\u00fdt ihned. Jsou p\u0159\u00edpady, kdy si mysl\u00edte, \u017ee nem\u00e1te sluch a na nic neum\u00edte hr\u00e1t. Nemus\u00edte j\u00edt ani na muzikoterapii, ale doraz\u00edte k n\u00e1m na st\u00e1nek v r\u00e1mci hudebn\u00edho festivalu. Tam v\u00e1m b\u011bhem p\u00e1r vte\u0159in d\u00e1m n\u00e1vod, jak hr\u00e1t na jednoduch\u00fd n\u00e1stroj &#8211; kalimbu. Vy to zkus\u00edte a najednou si \u0159eknete \u201caha, ono to hraje!\u201d a vte\u0159inu po tom \u201cj\u00e9, j\u00e1 to hraju! J\u00e9 j\u00e1 um\u00edm hr\u00e1t! ?\u201d. Z toho vych\u00e1z\u00ed ta pozitivn\u00ed zku\u0161enost, kter\u00e1 je pro terapii a v\u00fdchovu velice d\u016fle\u017eit\u00e1. S pozitivn\u00ed zku\u0161enost\u00ed hned v za\u010d\u00e1tku pak m\u00e1te na \u010dem d\u00e1le stav\u011bt. V p\u0159\u00edpad\u011b \u201enesly\u0161\u00edm &#8211; neum\u00edm\u201c m\u016f\u017ee b\u00fdt zm\u011bna i takto instantn\u00ed. Pak u\u017e jen z\u00e1le\u017e\u00ed na v\u00e1s, kolik tomu budete d\u00e1vat energie pro rozvoj.&nbsp;<\/span><\/p>\n<h5><b>Je tento druh terapie ur\u010den\u00fd jen lidem nebo t\u0159eba i zv\u00ed\u0159at\u016fm?<\/b><\/h5>\n<p><span style=\"font-weight: 400;\">S\u00e1m se zab\u00fdv\u00e1m pouze lidmi. Ale jsou specialist\u00e9 a tak\u00e9 vylo\u017een\u011b v\u011bdeck\u00e9 v\u00fdzkumy pro p\u016fsoben\u00ed na zv\u00ed\u0159ata i rostliny. Ve Francii existuje vina\u0159, na kter\u00e9ho se d\u0159\u00edv, jako na nov\u00e1\u010dka v provincii, koukali skrz prsty, proto\u017ee m\u011bl sv\u00e9 unik\u00e1tn\u00ed postupy. Nejv\u00edc se podivovali, kdy\u017e na sv\u00fdch vinic\u00edch pou\u0161t\u011bl Mozarta. To si mysleli, \u017ee je \u00fapln\u00fd bl\u00e1zen. Ub\u011bhlo p\u00e1r let a on vytv\u00e1\u0159\u00ed jedny z nejpresti\u017en\u011bj\u0161\u00edch, nej\u017e\u00e1dan\u011bj\u0161\u00edch a nejdra\u017e\u0161\u00edch v\u00edn na sv\u011bt\u011b. Ta v\u00edna ani nekoup\u00edte, omezen\u00fd po\u010det lahv\u00ed m\u00e1 u\u017e p\u0159edem sv\u00e9 majitele.<\/span><\/p>\n<p><span style=\"font-weight: 400;\">N\u011bkdo se nad t\u00edm pousm\u011bje jako nad nesmyslem jin\u00fd jak nad z\u00e1zrakem. Mn\u011b to p\u0159ijde p\u0159irozen\u00e9, proto\u017ee v tom vid\u00edm z\u00e1kony \u017eivota \u2013 stejnorodost a zp\u011btn\u00e9 \u00fa\u010dinky. Kdy\u017e na n\u011bco p\u016fsob\u00edte harmonicky, tak to harmonii p\u0159itahuje, zesiluje, a pak navrac\u00ed.<\/span><\/p>\n<p><span style=\"font-weight: 400;\">Doslova co zasejete, to sklid\u00edte.&nbsp;<\/span><span style=\"font-weight: 400;\">Jsem p\u0159esv\u011bd\u010den, \u017ee t\u00edmto zp\u016fsobem i p\u0159\u00edroda m\u016f\u017ee fungovat l\u00e9pe. \u010clov\u011bk by p\u0159\u00edrod\u011b nem\u011bl jen neubli\u017eovat, to je velmi m\u00e1lo. M\u011bl by ji sv\u00fdm zp\u016fsobem pozvedat a zu\u0161lech\u0165ovat. <\/span><\/p>\n","protected":false},"excerpt":{"rendered":"<p>Dnes v na\u0161\u00ed rubrice Z JIN\u00c9HO BAL\u00cd\u010cKU tro\u0161ku zjemn\u00edme a pod\u00edv\u00e1me se do hloubi na\u0161eho nitra. D\u00edky Tom\u00e1\u0161i Jaro\u0161kovi, muzikoterapeutovi a z\u00e1kazn\u00edkovi Zaslat.cz, si uk\u00e1\u017eeme jednu z neot\u0159el\u00fdch mo\u017enost\u00ed, jak pe\u010dovat o sv\u00e9 du\u0161evn\u00ed zdrav\u00ed. V prvn\u00ed \u010d\u00e1sti rozhovoru jsme si pov\u00eddali o muzikoterapii a um\u011bn\u00ed.<\/p>\n","protected":false},"author":2,"featured_media":1152,"comment_status":"closed","ping_status":"open","sticky":false,"template":"","format":"standard","meta":{"inline_featured_image":false,"_uag_custom_page_level_css":"","site-sidebar-layout":"default","site-content-layout":"default","ast-global-header-display":"","ast-main-header-display":"","ast-hfb-above-header-display":"","ast-hfb-below-header-display":"","ast-hfb-mobile-header-display":"","site-post-title":"","ast-breadcrumbs-content":"","ast-featured-img":"","footer-sml-layout":"","theme-transparent-header-meta":"","adv-header-id-meta":"","stick-header-meta":"","header-above-stick-meta":"","header-main-stick-meta":"","header-below-stick-meta":""},"categories":[8],"tags":[],"yoast_head":"<!-- This site is optimized with the Yoast SEO plugin v20.2.1 - https:\/\/yoast.com\/wordpress\/plugins\/seo\/ -->\n<title>- Zaslat.cz bloguje<\/title>\n<meta name=\"robots\" content=\"index, follow, max-snippet:-1, max-image-preview:large, max-video-preview:-1\" \/>\n<link rel=\"canonical\" href=\"https:\/\/www.zaslat.cz\/blog\/z-jineho-balicku-umeni-neni-vyhrada-nekolika-malo-lidi-pro-umeni-ma-cit-kazdy-zprostredkovava-krasu-a-harmonii-rika-tomas-jarosek-vyrobce-hudebnich-nastroju-muzikoterapeut-a-za\/\" \/>\n<meta property=\"og:locale\" content=\"cs_CZ\" \/>\n<meta property=\"og:type\" content=\"article\" \/>\n<meta property=\"og:title\" content=\"- Zaslat.cz bloguje\" \/>\n<meta property=\"og:description\" content=\"Dnes v na\u0161\u00ed rubrice Z JIN\u00c9HO BAL\u00cd\u010cKU tro\u0161ku zjemn\u00edme a pod\u00edv\u00e1me se do hloubi na\u0161eho nitra. D\u00edky Tom\u00e1\u0161i Jaro\u0161kovi, muzikoterapeutovi a z\u00e1kazn\u00edkovi Zaslat.cz, si uk\u00e1\u017eeme jednu z neot\u0159el\u00fdch mo\u017enost\u00ed, jak pe\u010dovat o sv\u00e9 du\u0161evn\u00ed zdrav\u00ed. V prvn\u00ed \u010d\u00e1sti rozhovoru jsme si pov\u00eddali o muzikoterapii a um\u011bn\u00ed.\" \/>\n<meta property=\"og:url\" content=\"https:\/\/www.zaslat.cz\/blog\/z-jineho-balicku-umeni-neni-vyhrada-nekolika-malo-lidi-pro-umeni-ma-cit-kazdy-zprostredkovava-krasu-a-harmonii-rika-tomas-jarosek-vyrobce-hudebnich-nastroju-muzikoterapeut-a-za\/\" \/>\n<meta property=\"og:site_name\" content=\"Zaslat.cz bloguje\" \/>\n<meta property=\"article:publisher\" content=\"https:\/\/www.facebook.com\/Zaslat\/\" \/>\n<meta property=\"article:published_time\" content=\"2020-02-13T06:50:31+00:00\" \/>\n<meta property=\"og:image\" content=\"https:\/\/www.zaslat.cz\/blog\/wp-content\/uploads\/2020\/02\/tomas_jarosek_2.png\" \/>\n\t<meta property=\"og:image:width\" content=\"1200\" \/>\n\t<meta property=\"og:image:height\" content=\"775\" \/>\n\t<meta property=\"og:image:type\" content=\"image\/png\" \/>\n<meta name=\"author\" content=\"Irena Skokanov\u00e1\" \/>\n<meta name=\"twitter:card\" content=\"summary_large_image\" \/>\n<meta name=\"twitter:creator\" content=\"@Zaslat\" \/>\n<meta name=\"twitter:site\" content=\"@Zaslat\" \/>\n<meta name=\"twitter:label1\" content=\"Napsal(a)\" \/>\n\t<meta name=\"twitter:data1\" content=\"Irena Skokanov\u00e1\" \/>\n\t<meta name=\"twitter:label2\" content=\"Odhadovan\u00e1 doba \u010dten\u00ed\" \/>\n\t<meta name=\"twitter:data2\" content=\"7 minut\" \/>\n<script type=\"application\/ld+json\" class=\"yoast-schema-graph\">{\"@context\":\"https:\/\/schema.org\",\"@graph\":[{\"@type\":\"Article\",\"@id\":\"https:\/\/www.zaslat.cz\/blog\/z-jineho-balicku-umeni-neni-vyhrada-nekolika-malo-lidi-pro-umeni-ma-cit-kazdy-zprostredkovava-krasu-a-harmonii-rika-tomas-jarosek-vyrobce-hudebnich-nastroju-muzikoterapeut-a-za\/#article\",\"isPartOf\":{\"@id\":\"https:\/\/www.zaslat.cz\/blog\/z-jineho-balicku-umeni-neni-vyhrada-nekolika-malo-lidi-pro-umeni-ma-cit-kazdy-zprostredkovava-krasu-a-harmonii-rika-tomas-jarosek-vyrobce-hudebnich-nastroju-muzikoterapeut-a-za\/\"},\"author\":{\"name\":\"Irena Skokanov\u00e1\",\"@id\":\"https:\/\/www.zaslat.cz\/blog\/#\/schema\/person\/cd7911256fd5e019655234e3cf90f961\"},\"headline\":\"\u201eUm\u011bn\u00ed nen\u00ed v\u00fdhrada n\u011bkolika m\u00e1lo lid\u00ed. Pro um\u011bn\u00ed m\u00e1 cit ka\u017ed\u00fd, zprost\u0159edkov\u00e1v\u00e1 kr\u00e1su a harmonii.\u201c \u0159\u00edk\u00e1 Tom\u00e1\u0161 Jaro\u0161ek, v\u00fdrobce hudebn\u00edch n\u00e1stroj\u016f, muzikoterapeut a zakladatel firmy Harmoniezvuku.cz\",\"datePublished\":\"2020-02-13T06:50:31+00:00\",\"dateModified\":\"2020-02-13T06:50:31+00:00\",\"mainEntityOfPage\":{\"@id\":\"https:\/\/www.zaslat.cz\/blog\/z-jineho-balicku-umeni-neni-vyhrada-nekolika-malo-lidi-pro-umeni-ma-cit-kazdy-zprostredkovava-krasu-a-harmonii-rika-tomas-jarosek-vyrobce-hudebnich-nastroju-muzikoterapeut-a-za\/\"},\"wordCount\":2207,\"publisher\":{\"@id\":\"https:\/\/www.zaslat.cz\/blog\/#organization\"},\"articleSection\":[\"Z jin\u00e9ho bal\u00ed\u010dku\"],\"inLanguage\":\"cs\"},{\"@type\":\"WebPage\",\"@id\":\"https:\/\/www.zaslat.cz\/blog\/z-jineho-balicku-umeni-neni-vyhrada-nekolika-malo-lidi-pro-umeni-ma-cit-kazdy-zprostredkovava-krasu-a-harmonii-rika-tomas-jarosek-vyrobce-hudebnich-nastroju-muzikoterapeut-a-za\/\",\"url\":\"https:\/\/www.zaslat.cz\/blog\/z-jineho-balicku-umeni-neni-vyhrada-nekolika-malo-lidi-pro-umeni-ma-cit-kazdy-zprostredkovava-krasu-a-harmonii-rika-tomas-jarosek-vyrobce-hudebnich-nastroju-muzikoterapeut-a-za\/\",\"name\":\"- Zaslat.cz bloguje\",\"isPartOf\":{\"@id\":\"https:\/\/www.zaslat.cz\/blog\/#website\"},\"datePublished\":\"2020-02-13T06:50:31+00:00\",\"dateModified\":\"2020-02-13T06:50:31+00:00\",\"breadcrumb\":{\"@id\":\"https:\/\/www.zaslat.cz\/blog\/z-jineho-balicku-umeni-neni-vyhrada-nekolika-malo-lidi-pro-umeni-ma-cit-kazdy-zprostredkovava-krasu-a-harmonii-rika-tomas-jarosek-vyrobce-hudebnich-nastroju-muzikoterapeut-a-za\/#breadcrumb\"},\"inLanguage\":\"cs\",\"potentialAction\":[{\"@type\":\"ReadAction\",\"target\":[\"https:\/\/www.zaslat.cz\/blog\/z-jineho-balicku-umeni-neni-vyhrada-nekolika-malo-lidi-pro-umeni-ma-cit-kazdy-zprostredkovava-krasu-a-harmonii-rika-tomas-jarosek-vyrobce-hudebnich-nastroju-muzikoterapeut-a-za\/\"]}]},{\"@type\":\"BreadcrumbList\",\"@id\":\"https:\/\/www.zaslat.cz\/blog\/z-jineho-balicku-umeni-neni-vyhrada-nekolika-malo-lidi-pro-umeni-ma-cit-kazdy-zprostredkovava-krasu-a-harmonii-rika-tomas-jarosek-vyrobce-hudebnich-nastroju-muzikoterapeut-a-za\/#breadcrumb\",\"itemListElement\":[{\"@type\":\"ListItem\",\"position\":1,\"name\":\"Dom\u016f\",\"item\":\"https:\/\/www.zaslat.cz\/blog\/\"},{\"@type\":\"ListItem\",\"position\":2,\"name\":\"\u201eUm\u011bn\u00ed nen\u00ed v\u00fdhrada n\u011bkolika m\u00e1lo lid\u00ed. Pro um\u011bn\u00ed m\u00e1 cit ka\u017ed\u00fd, zprost\u0159edkov\u00e1v\u00e1 kr\u00e1su a harmonii.\u201c \u0159\u00edk\u00e1 Tom\u00e1\u0161 Jaro\u0161ek, v\u00fdrobce hudebn\u00edch n\u00e1stroj\u016f, muzikoterapeut a zakladatel firmy Harmoniezvuku.cz\"}]},{\"@type\":\"WebSite\",\"@id\":\"https:\/\/www.zaslat.cz\/blog\/#website\",\"url\":\"https:\/\/www.zaslat.cz\/blog\/\",\"name\":\"Zaslat.cz bloguje\",\"description\":\"Z\u00e1silky, bal\u00edky, p\u0159eprava \u010dehokoliv - to je n\u00e1\u0161 sv\u011bt!\",\"publisher\":{\"@id\":\"https:\/\/www.zaslat.cz\/blog\/#organization\"},\"potentialAction\":[{\"@type\":\"SearchAction\",\"target\":{\"@type\":\"EntryPoint\",\"urlTemplate\":\"https:\/\/www.zaslat.cz\/blog\/?s={search_term_string}\"},\"query-input\":\"required name=search_term_string\"}],\"inLanguage\":\"cs\"},{\"@type\":\"Organization\",\"@id\":\"https:\/\/www.zaslat.cz\/blog\/#organization\",\"name\":\"Zaslat s.r.o.\",\"url\":\"https:\/\/www.zaslat.cz\/blog\/\",\"logo\":{\"@type\":\"ImageObject\",\"inLanguage\":\"cs\",\"@id\":\"https:\/\/www.zaslat.cz\/blog\/#\/schema\/logo\/image\/\",\"url\":\"https:\/\/www.zaslat.cz\/blog\/wp-content\/uploads\/alsendo-icon-triangl.png\",\"contentUrl\":\"https:\/\/www.zaslat.cz\/blog\/wp-content\/uploads\/alsendo-icon-triangl.png\",\"width\":2000,\"height\":2080,\"caption\":\"Zaslat s.r.o.\"},\"image\":{\"@id\":\"https:\/\/www.zaslat.cz\/blog\/#\/schema\/logo\/image\/\"},\"sameAs\":[\"https:\/\/www.facebook.com\/Zaslat\/\",\"https:\/\/twitter.com\/Zaslat\",\"https:\/\/www.instagram.com\/zaslat_by_alsendo\/\"]},{\"@type\":\"Person\",\"@id\":\"https:\/\/www.zaslat.cz\/blog\/#\/schema\/person\/cd7911256fd5e019655234e3cf90f961\",\"name\":\"Irena Skokanov\u00e1\",\"url\":\"https:\/\/www.zaslat.cz\/blog\/author\/iskokanova\/\"}]}<\/script>\n<!-- \/ Yoast SEO plugin. -->","yoast_head_json":{"title":"- Zaslat.cz bloguje","robots":{"index":"index","follow":"follow","max-snippet":"max-snippet:-1","max-image-preview":"max-image-preview:large","max-video-preview":"max-video-preview:-1"},"canonical":"https:\/\/www.zaslat.cz\/blog\/z-jineho-balicku-umeni-neni-vyhrada-nekolika-malo-lidi-pro-umeni-ma-cit-kazdy-zprostredkovava-krasu-a-harmonii-rika-tomas-jarosek-vyrobce-hudebnich-nastroju-muzikoterapeut-a-za\/","og_locale":"cs_CZ","og_type":"article","og_title":"- Zaslat.cz bloguje","og_description":"Dnes v na\u0161\u00ed rubrice Z JIN\u00c9HO BAL\u00cd\u010cKU tro\u0161ku zjemn\u00edme a pod\u00edv\u00e1me se do hloubi na\u0161eho nitra. D\u00edky Tom\u00e1\u0161i Jaro\u0161kovi, muzikoterapeutovi a z\u00e1kazn\u00edkovi Zaslat.cz, si uk\u00e1\u017eeme jednu z neot\u0159el\u00fdch mo\u017enost\u00ed, jak pe\u010dovat o sv\u00e9 du\u0161evn\u00ed zdrav\u00ed. V prvn\u00ed \u010d\u00e1sti rozhovoru jsme si pov\u00eddali o muzikoterapii a um\u011bn\u00ed.","og_url":"https:\/\/www.zaslat.cz\/blog\/z-jineho-balicku-umeni-neni-vyhrada-nekolika-malo-lidi-pro-umeni-ma-cit-kazdy-zprostredkovava-krasu-a-harmonii-rika-tomas-jarosek-vyrobce-hudebnich-nastroju-muzikoterapeut-a-za\/","og_site_name":"Zaslat.cz bloguje","article_publisher":"https:\/\/www.facebook.com\/Zaslat\/","article_published_time":"2020-02-13T06:50:31+00:00","og_image":[{"width":1200,"height":775,"url":"https:\/\/www.zaslat.cz\/blog\/wp-content\/uploads\/2020\/02\/tomas_jarosek_2.png","type":"image\/png"}],"author":"Irena Skokanov\u00e1","twitter_card":"summary_large_image","twitter_creator":"@Zaslat","twitter_site":"@Zaslat","twitter_misc":{"Napsal(a)":"Irena Skokanov\u00e1","Odhadovan\u00e1 doba \u010dten\u00ed":"7 minut"},"schema":{"@context":"https:\/\/schema.org","@graph":[{"@type":"Article","@id":"https:\/\/www.zaslat.cz\/blog\/z-jineho-balicku-umeni-neni-vyhrada-nekolika-malo-lidi-pro-umeni-ma-cit-kazdy-zprostredkovava-krasu-a-harmonii-rika-tomas-jarosek-vyrobce-hudebnich-nastroju-muzikoterapeut-a-za\/#article","isPartOf":{"@id":"https:\/\/www.zaslat.cz\/blog\/z-jineho-balicku-umeni-neni-vyhrada-nekolika-malo-lidi-pro-umeni-ma-cit-kazdy-zprostredkovava-krasu-a-harmonii-rika-tomas-jarosek-vyrobce-hudebnich-nastroju-muzikoterapeut-a-za\/"},"author":{"name":"Irena Skokanov\u00e1","@id":"https:\/\/www.zaslat.cz\/blog\/#\/schema\/person\/cd7911256fd5e019655234e3cf90f961"},"headline":"\u201eUm\u011bn\u00ed nen\u00ed v\u00fdhrada n\u011bkolika m\u00e1lo lid\u00ed. Pro um\u011bn\u00ed m\u00e1 cit ka\u017ed\u00fd, zprost\u0159edkov\u00e1v\u00e1 kr\u00e1su a harmonii.\u201c \u0159\u00edk\u00e1 Tom\u00e1\u0161 Jaro\u0161ek, v\u00fdrobce hudebn\u00edch n\u00e1stroj\u016f, muzikoterapeut a zakladatel firmy Harmoniezvuku.cz","datePublished":"2020-02-13T06:50:31+00:00","dateModified":"2020-02-13T06:50:31+00:00","mainEntityOfPage":{"@id":"https:\/\/www.zaslat.cz\/blog\/z-jineho-balicku-umeni-neni-vyhrada-nekolika-malo-lidi-pro-umeni-ma-cit-kazdy-zprostredkovava-krasu-a-harmonii-rika-tomas-jarosek-vyrobce-hudebnich-nastroju-muzikoterapeut-a-za\/"},"wordCount":2207,"publisher":{"@id":"https:\/\/www.zaslat.cz\/blog\/#organization"},"articleSection":["Z jin\u00e9ho bal\u00ed\u010dku"],"inLanguage":"cs"},{"@type":"WebPage","@id":"https:\/\/www.zaslat.cz\/blog\/z-jineho-balicku-umeni-neni-vyhrada-nekolika-malo-lidi-pro-umeni-ma-cit-kazdy-zprostredkovava-krasu-a-harmonii-rika-tomas-jarosek-vyrobce-hudebnich-nastroju-muzikoterapeut-a-za\/","url":"https:\/\/www.zaslat.cz\/blog\/z-jineho-balicku-umeni-neni-vyhrada-nekolika-malo-lidi-pro-umeni-ma-cit-kazdy-zprostredkovava-krasu-a-harmonii-rika-tomas-jarosek-vyrobce-hudebnich-nastroju-muzikoterapeut-a-za\/","name":"- Zaslat.cz bloguje","isPartOf":{"@id":"https:\/\/www.zaslat.cz\/blog\/#website"},"datePublished":"2020-02-13T06:50:31+00:00","dateModified":"2020-02-13T06:50:31+00:00","breadcrumb":{"@id":"https:\/\/www.zaslat.cz\/blog\/z-jineho-balicku-umeni-neni-vyhrada-nekolika-malo-lidi-pro-umeni-ma-cit-kazdy-zprostredkovava-krasu-a-harmonii-rika-tomas-jarosek-vyrobce-hudebnich-nastroju-muzikoterapeut-a-za\/#breadcrumb"},"inLanguage":"cs","potentialAction":[{"@type":"ReadAction","target":["https:\/\/www.zaslat.cz\/blog\/z-jineho-balicku-umeni-neni-vyhrada-nekolika-malo-lidi-pro-umeni-ma-cit-kazdy-zprostredkovava-krasu-a-harmonii-rika-tomas-jarosek-vyrobce-hudebnich-nastroju-muzikoterapeut-a-za\/"]}]},{"@type":"BreadcrumbList","@id":"https:\/\/www.zaslat.cz\/blog\/z-jineho-balicku-umeni-neni-vyhrada-nekolika-malo-lidi-pro-umeni-ma-cit-kazdy-zprostredkovava-krasu-a-harmonii-rika-tomas-jarosek-vyrobce-hudebnich-nastroju-muzikoterapeut-a-za\/#breadcrumb","itemListElement":[{"@type":"ListItem","position":1,"name":"Dom\u016f","item":"https:\/\/www.zaslat.cz\/blog\/"},{"@type":"ListItem","position":2,"name":"\u201eUm\u011bn\u00ed nen\u00ed v\u00fdhrada n\u011bkolika m\u00e1lo lid\u00ed. Pro um\u011bn\u00ed m\u00e1 cit ka\u017ed\u00fd, zprost\u0159edkov\u00e1v\u00e1 kr\u00e1su a harmonii.\u201c \u0159\u00edk\u00e1 Tom\u00e1\u0161 Jaro\u0161ek, v\u00fdrobce hudebn\u00edch n\u00e1stroj\u016f, muzikoterapeut a zakladatel firmy Harmoniezvuku.cz"}]},{"@type":"WebSite","@id":"https:\/\/www.zaslat.cz\/blog\/#website","url":"https:\/\/www.zaslat.cz\/blog\/","name":"Zaslat.cz bloguje","description":"Z\u00e1silky, bal\u00edky, p\u0159eprava \u010dehokoliv - to je n\u00e1\u0161 sv\u011bt!","publisher":{"@id":"https:\/\/www.zaslat.cz\/blog\/#organization"},"potentialAction":[{"@type":"SearchAction","target":{"@type":"EntryPoint","urlTemplate":"https:\/\/www.zaslat.cz\/blog\/?s={search_term_string}"},"query-input":"required name=search_term_string"}],"inLanguage":"cs"},{"@type":"Organization","@id":"https:\/\/www.zaslat.cz\/blog\/#organization","name":"Zaslat s.r.o.","url":"https:\/\/www.zaslat.cz\/blog\/","logo":{"@type":"ImageObject","inLanguage":"cs","@id":"https:\/\/www.zaslat.cz\/blog\/#\/schema\/logo\/image\/","url":"https:\/\/www.zaslat.cz\/blog\/wp-content\/uploads\/alsendo-icon-triangl.png","contentUrl":"https:\/\/www.zaslat.cz\/blog\/wp-content\/uploads\/alsendo-icon-triangl.png","width":2000,"height":2080,"caption":"Zaslat s.r.o."},"image":{"@id":"https:\/\/www.zaslat.cz\/blog\/#\/schema\/logo\/image\/"},"sameAs":["https:\/\/www.facebook.com\/Zaslat\/","https:\/\/twitter.com\/Zaslat","https:\/\/www.instagram.com\/zaslat_by_alsendo\/"]},{"@type":"Person","@id":"https:\/\/www.zaslat.cz\/blog\/#\/schema\/person\/cd7911256fd5e019655234e3cf90f961","name":"Irena Skokanov\u00e1","url":"https:\/\/www.zaslat.cz\/blog\/author\/iskokanova\/"}]}},"uagb_featured_image_src":{"full":["https:\/\/www.zaslat.cz\/blog\/wp-content\/uploads\/2020\/02\/tomas_jarosek_2.png",1200,775,false],"thumbnail":["https:\/\/www.zaslat.cz\/blog\/wp-content\/uploads\/2020\/02\/tomas_jarosek_2-150x150.png",150,150,true],"medium":["https:\/\/www.zaslat.cz\/blog\/wp-content\/uploads\/2020\/02\/tomas_jarosek_2-300x194.png",300,194,true],"medium_large":["https:\/\/www.zaslat.cz\/blog\/wp-content\/uploads\/2020\/02\/tomas_jarosek_2-768x496.png",768,496,true],"large":["https:\/\/www.zaslat.cz\/blog\/wp-content\/uploads\/2020\/02\/tomas_jarosek_2-1024x661.png",1024,661,true],"1536x1536":["https:\/\/www.zaslat.cz\/blog\/wp-content\/uploads\/2020\/02\/tomas_jarosek_2.png",1200,775,false],"2048x2048":["https:\/\/www.zaslat.cz\/blog\/wp-content\/uploads\/2020\/02\/tomas_jarosek_2.png",1200,775,false]},"uagb_author_info":{"display_name":"Irena Skokanov\u00e1","author_link":"https:\/\/www.zaslat.cz\/blog\/author\/iskokanova\/"},"uagb_comment_info":0,"uagb_excerpt":"Dnes v na\u0161\u00ed rubrice Z JIN\u00c9HO BAL\u00cd\u010cKU tro\u0161ku zjemn\u00edme a pod\u00edv\u00e1me se do hloubi na\u0161eho nitra. D\u00edky Tom\u00e1\u0161i Jaro\u0161kovi, muzikoterapeutovi a z\u00e1kazn\u00edkovi Zaslat.cz, si uk\u00e1\u017eeme jednu z neot\u0159el\u00fdch mo\u017enost\u00ed, jak pe\u010dovat o sv\u00e9 du\u0161evn\u00ed zdrav\u00ed. V prvn\u00ed \u010d\u00e1sti rozhovoru jsme si pov\u00eddali o muzikoterapii a um\u011bn\u00ed.","_links":{"self":[{"href":"https:\/\/www.zaslat.cz\/blog\/wp-json\/wp\/v2\/posts\/2724"}],"collection":[{"href":"https:\/\/www.zaslat.cz\/blog\/wp-json\/wp\/v2\/posts"}],"about":[{"href":"https:\/\/www.zaslat.cz\/blog\/wp-json\/wp\/v2\/types\/post"}],"author":[{"embeddable":true,"href":"https:\/\/www.zaslat.cz\/blog\/wp-json\/wp\/v2\/users\/2"}],"replies":[{"embeddable":true,"href":"https:\/\/www.zaslat.cz\/blog\/wp-json\/wp\/v2\/comments?post=2724"}],"version-history":[{"count":0,"href":"https:\/\/www.zaslat.cz\/blog\/wp-json\/wp\/v2\/posts\/2724\/revisions"}],"wp:featuredmedia":[{"embeddable":true,"href":"https:\/\/www.zaslat.cz\/blog\/wp-json\/wp\/v2\/media\/1152"}],"wp:attachment":[{"href":"https:\/\/www.zaslat.cz\/blog\/wp-json\/wp\/v2\/media?parent=2724"}],"wp:term":[{"taxonomy":"category","embeddable":true,"href":"https:\/\/www.zaslat.cz\/blog\/wp-json\/wp\/v2\/categories?post=2724"},{"taxonomy":"post_tag","embeddable":true,"href":"https:\/\/www.zaslat.cz\/blog\/wp-json\/wp\/v2\/tags?post=2724"}],"curies":[{"name":"wp","href":"https:\/\/api.w.org\/{rel}","templated":true}]}}