{"id":2723,"date":"2020-01-21T09:53:10","date_gmt":"2020-01-21T08:53:10","guid":{"rendered":"https:\/\/www.zaslat.cz\/blog\/?p=1101"},"modified":"2020-01-21T09:53:10","modified_gmt":"2020-01-21T08:53:10","slug":"%f0%9f%93%a6-z-jineho-balicku-rodinna-firma-je-vzorem-pro-deti-ktere-tak-nejak-prirozene-chapou-ze-penize-nerostou-na-strome-rika-petr-pakosta-o-sve-rodinne-firme-slavneobrazy-cz","status":"publish","type":"post","link":"https:\/\/www.zaslat.cz\/blog\/%f0%9f%93%a6-z-jineho-balicku-rodinna-firma-je-vzorem-pro-deti-ktere-tak-nejak-prirozene-chapou-ze-penize-nerostou-na-strome-rika-petr-pakosta-o-sve-rodinne-firme-slavneobrazy-cz\/","title":{"rendered":"\u201eRodinn\u00e1 firma je vzorem pro d\u011bti, kter\u00e9 tak n\u011bjak p\u0159irozen\u011b ch\u00e1pou, \u017ee pen\u00edze nerostou na strom\u011b.\u201c \u0159\u00edk\u00e1 Petr Pakosta o sv\u00e9 rodinn\u00e9 firm\u011b SLAVNEOBRAZY.cz"},"content":{"rendered":"<p><strong>Jak skloubit pracovn\u00ed a rodinn\u00fd \u017eivot, kdy\u017e vedete rodinnou firmu? Sv\u00e9 o tom v\u00ed Petr Pakosta, zakladatel rodinn\u00e9 firmy&nbsp;<a href=\"http:\/\/www.slavneobrazy.cz\/\">SLAVNEOBRAZY.cz<\/a>, kter\u00fd sv\u016fj \u017eivot zasv\u011btil um\u011bn\u00ed, reprodukci slavn\u00fdch obraz\u016f a tisku fotografi\u00ed. D\u011btem tak d\u00e1v\u00e1 inspirativn\u00ed vzor a t\u011b\u0161\u00ed se, a\u017e i oni do rodinn\u00e9ho podniku p\u0159idaj\u00ed kus sebe.<!--more--><\/strong><\/p>\n<h5><strong>Pet\u0159e, jste zakladatel rodinn\u00e9 firmy&nbsp;<a href=\"https:\/\/www.slavneobrazy.cz\/\">SLAVNEOBRAZY.cz<\/a>. M\u016f\u017eete n\u00e1m ji v\u00edce p\u0159edstavit?<\/strong><\/h5>\n<p>Jsme jednodu\u0161e rodinn\u00e1 firma se v\u0161\u00edm, co k tomu pat\u0159\u00ed. Jeden zam\u011bstnanec na pln\u00fd \u00favazek, n\u011bkolik brig\u00e1dn\u00edk\u016f a prov\u011b\u0159en\u00fdch spolupracovn\u00edk\u016f. D\u00edlna a kancel\u00e1\u0159 je sou\u010d\u00e1st\u00ed na\u0161eho bydlen\u00ed, d\u011bti jsou odmali\u010dka sou\u010d\u00e1st\u00ed d\u011bn\u00ed. Tiskneme a vyr\u00e1b\u00edme obrazy, r\u00e1mujeme, nap\u00edn\u00e1me pl\u00e1tna. V\u011bnujeme se grafice a designu. V\u0161e d\u011bl\u00e1me individu\u00e1ln\u011b a na zak\u00e1zku.<\/p>\n<h5><strong>Jak\u00fd je v\u00e1\u0161 obl\u00edben\u00fd obraz?<\/strong><\/h5>\n<p>Asi se to takto \u0159\u00edct ned\u00e1. Denn\u011b n\u00e1m jich tu projdou des\u00edtky, m\u00e1me v nab\u00eddce t\u00e9m\u011b\u0159 40 tis\u00edc motiv\u016f. Obdivuji techniku a \u0159emeslo mal\u00ed\u0159\u016f, kte\u0159\u00ed byli p\u0159ed vyn\u00e1lezem fotografie posedl\u00ed realisti\u010dnost\u00ed a p\u0159esnost\u00ed malby, touhou zachytit skute\u010dnost co nejp\u0159esn\u011bji. Potom lehkost a drzost impresionist\u016f, kte\u0159\u00ed naopak na\u0161li odvahu realitu zjednodu\u0161it a vyp\u00edchnout jednu, dv\u011b v\u011bci, kter\u00e9 motiv vystihnou. Chcete-li ale jeden obraz, tak je to Podzimn\u00ed cesta od d\u00e1nsk\u00e9ho mal\u00ed\u0159e&nbsp;<a href=\"https:\/\/www.slavneobrazy.cz\/vsechny-reprodukce\/brendekilde-hans-andersen\">Hanse Brendekildeho<\/a>.<\/p>\n<h5><strong>Dok\u00e1\u017eete ud\u011blat reprodukci jak\u00e9hokoliv obrazu? Jak se \u0159e\u0161\u00ed jejich autorsk\u00e1 pr\u00e1va?<\/strong><\/h5>\n<p>Nedok\u00e1\u017eeme. Z\u00e1vis\u00ed to pr\u00e1v\u011b na autorsk\u00fdch pr\u00e1vech. U star\u0161\u00edch autor\u016f \u0159e\u0161\u00edme pr\u00e1va pouze k reprodukc\u00edm a sken\u016fm origin\u00e1l\u016f. Tam probl\u00e9my nejsou. U mlad\u0161\u00edch autor\u016f to probl\u00e9m b\u00fdv\u00e1 \u2013 v\u011bt\u0161inou potom obrazy kupujeme ji\u017e vyti\u0161t\u011bn\u00e9. V\u017edy je t\u0159eba dohoda s vlastn\u00edkem pr\u00e1v, co\u017e stoj\u00ed \u010dasto mili\u00f3ny, je tam spousta omezen\u00ed a pot\u00ed\u017e\u00ed, tak\u017ee to nech\u00e1v\u00e1me na velk\u00fdch zahrani\u010dn\u00edch firm\u00e1ch, kter\u00e9 na to maj\u00ed s\u00edlu. V\u011bt\u0161inu voln\u00fdch d\u011bl n\u00e1m dod\u00e1v\u00e1 jedna britsk\u00e1 agentura, p\u0159\u00edpadn\u011b dal\u0161\u00ed men\u0161\u00ed firmy. V nab\u00eddce m\u00e1me i n\u011bkolik tis\u00edc d\u011bl sou\u010dasn\u00fdch mal\u00ed\u0159\u016f, kter\u00e9 zastupuje pr\u00e1v\u011b ona britsk\u00e1 agentura.<strong>&nbsp;&nbsp;<\/strong><\/p>\n<h5><strong>\u0158e\u0161ili jste v minulosti n\u011bjakou netradi\u010dn\u00ed zak\u00e1zku?<\/strong><\/h5>\n<p>M\u00e1lo co d\u011bl\u00e1me dvakr\u00e1t, ka\u017ed\u00e1 zak\u00e1zka je jin\u00e1. Utkv\u011bla mi v hlav\u011b zak\u00e1zka pro jeden z\u00e1mek, kde na\u0161e reprodukce vis\u00ed p\u0159\u00edmo v expozici. P\u0159\u00edpadn\u011b jeden hodn\u011b velk\u00fd obraz v masivn\u00edm r\u00e1mu za t\u00e9m\u011b\u0159 deset tis\u00edc. Poslali jsme jej omylem n\u011bkomu jin\u00e9mu (na dob\u00edrku!). Zjistili jsme to, a\u017e kdy\u017e se ozval ten spr\u00e1vn\u00fd z\u00e1kazn\u00edk, \u017ee mu bal\u00edk po m\u011bs\u00edci je\u0161t\u011b nedo\u0161el. Z\u00e1kazn\u00edk, kter\u00e9mu jsme bal\u00edk ve skute\u010dnosti doru\u010dili, n\u00e1m pak \u0159ekl, \u017ee se sice nech\u00e1pal, pro\u010d mu n\u011bco takov\u00e9ho pos\u00edl\u00e1me, ale obraz se mu tak l\u00edbil, \u017ee n\u00e1s po\u017e\u00e1dal, jestli si ho m\u016f\u017ee nechat. To si potom pamatujete dlouho.<\/p>\n<h5><strong>Jak\u00fdm zp\u016fsobem tvo\u0159\u00edte kopie? M\u016f\u017eu p\u0159ij\u00edt se zak\u00e1zkou obrazu, kter\u00fd nem\u00e1te v nab\u00eddce?<\/strong><\/h5>\n<p>Pokud to autorsk\u00e1 pr\u00e1va umo\u017e\u0148uj\u00ed, tak obrazy tiskneme u n\u00e1s v d\u00edln\u011b. Potom se pl\u00e1tna nap\u00ednaj\u00ed na r\u00e1m, tisky laminuj\u00ed, vkl\u00e1daj\u00ed do paspart, atd. N\u00e1sledn\u011b vyr\u00e1b\u00edme r\u00e1my z li\u0161t, kter\u00e9 n\u00e1m dod\u00e1vaj\u00ed italsk\u00e9 a \u010desk\u00e9 firmy. Tisknout se d\u00e1 cokoliv, tak\u017ee z\u00e1kazn\u00edci n\u00e1m \u010dasto pos\u00edlaj\u00ed vlastn\u00ed v\u011bci. P\u0159\u00edpadn\u011b nov\u00e9 motivy dohled\u00e1v\u00e1me a st\u00e1le p\u0159id\u00e1v\u00e1me do nab\u00eddky.<\/p>\n<h5><strong>Jak\u00fd obraz je u v\u00e1s nejpopul\u00e1rn\u011bj\u0161\u00ed?<\/strong><\/h5>\n<p>Jsou dva:&nbsp;<a href=\"https:\/\/www.slavneobrazy.cz\/whistler-j-m-portret-whistlerovy-matky-a-la-mr-bean-ido-3031\">Portr\u00e9t Whistlerovy matky<\/a>&nbsp;zn\u00e1m\u00fd z filmu s Mr. Beanem a portr\u00e9t c\u00edsa\u0159e&nbsp;<a href=\"https:\/\/www.slavneobrazy.cz\/autor-neznamy-frantisek-josef-i--ido-3243\">Franti\u0161ka Josefa I.<\/a>&nbsp;Na to, \u017ee \u017eijeme v\u00edce ne\u017e sto let v republice, tak je to a\u017e k nev\u00ed\u0159e. Pak u\u017e jsou v \u0159ad\u011b des\u00edtky d\u011bl impresionist\u016f (Klimt, Bosch). \u010ctvrtinu obratu tvo\u0159\u00ed ka\u017edop\u00e1dn\u011b impresionist\u00e9.<\/p>\n<h5><strong>Pozorujete i n\u011bjak\u00fd v\u00fdvoj trendu, co si u v\u00e1s lid\u00e9 nej\u010dast\u011bji kupuj\u00ed?<\/strong><\/h5>\n<p>Trendy u n\u00e1s moc nezaznamen\u00e1v\u00e1me. P\u0159eci jenom nab\u00edz\u00edme hlavn\u011b st\u00e1lice z d\u011bjin um\u011bn\u00ed. \u010casto ale vid\u00edme vliv m\u00e9di\u00ed \u2013 sta\u010d\u00ed aukce v\u00fdznamn\u00e9ho d\u00edla, dokument v televizi \u010di film (nap\u0159. D\u00edvka s perlou) \u2013 to potom pozn\u00e1me v prodej\u00edch konkr\u00e9tn\u00edho d\u00edla. Dlouhodob\u011b roste pod\u00edl obraz\u016f na pl\u00e1tn\u011b.<\/p>\n<h5><strong>Kdo je v\u00e1\u0161 typick\u00fd z\u00e1kazn\u00edk?<\/strong><\/h5>\n<p>Polovinu tvo\u0159\u00ed b\u011b\u017en\u00ed z\u00e1kazn\u00edci \u2013 tak\u017ee nej\u010dast\u011bji dotv\u00e1\u0159\u00edme interi\u00e9r jejich domov\u016f \u010di dod\u00e1v\u00e1me d\u00e1rek pro jejich bl\u00edzk\u00e9. \u010ctvrtinu tvo\u0159\u00ed firmy \u2013 firm\u00e1m dod\u00e1v\u00e1me v\u00fdzdobu kancel\u00e1\u0159\u00ed a zbytek jsou hotely a penziony. D\u00e1le dlouhodob\u011b spolupracujeme s architekty a n\u00e1vrh\u00e1\u0159i.<\/p>\n<h5><strong>U\u017e jsme zm\u00ednili, \u017ee provozujete rodinnou firmu. Kolik v\u00e1s ve firm\u011b je?<\/strong><\/h5>\n<p>M\u011bn\u00ed se to podle sez\u00f3ny (p\u0159ed V\u00e1noci a koncem roku provoz v\u00fdznamn\u011b houstne), jinak jsme t\u0159i a pes.<\/p>\n<h5><strong>Jak n\u00e1ro\u010dn\u00e9 je provozovat rodinnou firmu? D\u00e1 se odd\u011blit osobn\u00ed \u017eivot a podnik\u00e1n\u00ed?<\/strong><\/h5>\n<p>N\u00e1ro\u010dn\u00e9 je asi d\u011blat cokoliv, co se m\u00e1 d\u011blat dob\u0159e, aby si za t\u00edm \u010dlov\u011bk st\u00e1l. Rodinn\u00e1 firma je ka\u017edop\u00e1dn\u011b specifick\u00e1 \u017eivotn\u00ed cesta. Asi to nen\u00ed pro ka\u017ed\u00e9ho, je to konkr\u00e9tn\u00ed odpov\u011bdnost. Nesete si riziko, \u017ee v\u00e1s obrazy neu\u017eiv\u00ed, kdy\u017e se n\u011bco nepoda\u0159\u00ed nebo v p\u0159\u00edpad\u011b krize. J\u00e1 bych ale nem\u011bnil, d\u00e1v\u00e1 n\u00e1m to nez\u00e1vislost a svobodu, radost z pr\u00e1ce, kter\u00e1 m\u00e1 smysl (kdybyste vid\u011bli, jak \u010dasto n\u00e1m lid\u00e9 p\u00ed\u0161\u00ed, \u017ee se jim obraz l\u00edb\u00ed a jakou jim ud\u011blal radost!). Mysl\u00edm si, \u017ee rodinn\u00e1 firma je tak\u00e9 dobr\u00fdm vzorem pro d\u011bti, kter\u00e9 ka\u017ed\u00fd den vid\u00ed rodi\u010de v pr\u00e1ci a tak n\u011bjak p\u0159irozen\u011b ch\u00e1pou, \u017ee pen\u00edze nerostou na strom\u011b. T\u011b\u0161\u00edm se, a\u017e budou star\u0161\u00ed, budou v\u00edce pom\u00e1hat a hlavn\u011b p\u0159ich\u00e1zet s vlastn\u00edmi n\u00e1pady.<\/p>\n<h5><strong>Jak jste se k projektu dostali? M\u011bli jste u\u017e d\u0159\u00edv zku\u0161enosti s podnik\u00e1n\u00edm?<\/strong><\/h5>\n<p>Je to u\u017e skoro 17 let. Sh\u00e1n\u011bl jsem n\u011bjak\u00fd obraz jako d\u00e1rek a nemohl jej sehnat. Tak\u017ee jsem jich v It\u00e1lii objednal zrovna v\u00edce. Na inzer\u00e1t na\u0161el studenta, kter\u00fd sp\u00edchnul prvn\u00ed verzi webu. Pak byl n\u011bkolik let v\u00edcem\u00e9n\u011b klid \u2013 studoval jsem na univerzit\u011b, pak za\u010dal chodit do pr\u00e1ce a obrazy byly hobby po ve\u010derech. Bal\u00edky jsem vozil na po\u0161tu tramvaj\u00ed. Po p\u011bti letech obrat za\u010dal v\u00fdznamn\u011b r\u016fst a u\u017e se dalo uva\u017eovat o tom, \u017ee n\u00e1s to bude \u017eivit, n\u011bkoho p\u0159ijmeme a p\u0159istav\u00edme v\u011bt\u0161\u00ed d\u00edlnu.<\/p>\n<h5><strong>Je za\u010d\u00e1tek nov\u00e9ho roku. M\u00e1te u\u017e n\u011bjak\u00e9 pl\u00e1ny na rok 2020?&nbsp;<\/strong><\/h5>\n<p>Cht\u011bli bychom zkr\u00e1tit dodac\u00ed dobu. Obrazy ale vyr\u00e1b\u00edme, tak\u017ee to nen\u00ed \u00fapln\u011b jednoduch\u00e9. C\u00edt\u00edm to v\u0161ak st\u00e1le jako na\u0161e slab\u00e9 m\u00edsto \u2013 tempo doby se zvy\u0161uje a neubr\u00e1n\u00edme se tomu. Cht\u011bl bych tak\u00e9 v\u00edce podpo\u0159it tisk na netradi\u010dn\u00ed materi\u00e1ly \u2013 tiskneme toti\u017e tak\u00e9 p\u0159\u00edmo na d\u0159ev\u011bn\u00e9 desky, sklo \u010di plech. Nejde to ale tak dob\u0159e, jak bych si p\u0159edstavoval.<\/p>\n<h5><strong>Obrazy pos\u00edl\u00e1te i k soused\u016fm na Slovensko. M\u00e1te n\u011bjak\u00e9 pl\u00e1ny roz\u0161\u00ed\u0159it podnik\u00e1n\u00ed i do zahrani\u010d\u00ed?<\/strong><\/h5>\n<p>Ano, s t\u00edm dlouhodob\u011b po\u010d\u00edt\u00e1me. Dom\u00e9nu u\u017e m\u00e1me zaregistrovanou. S t\u00edm, jak se kur\u00fdrn\u00ed firmy globalizuj\u00ed, miz\u00ed logistick\u00e9 a celn\u00ed bari\u00e9ry. Pamatuji dobu, kdy jsem pos\u00edlal do It\u00e1lie fax s objedn\u00e1vkou a pak \u010dekal na celnici na kamion. Po\u0161tovn\u00e9 do N\u011bmecka bylo i sto EUR, dnes u\u017e je to deset a internet umo\u017e\u0148uje p\u016fsobit bez v\u011bt\u0161\u00edch probl\u00e9m\u016f na n\u00e1sobn\u011b v\u011bt\u0161\u00edm trhu ne\u017e je \u010cesko a Slovensko.<\/p>\n<h5><strong>Jste z\u00e1kazn\u00edky Zaslat.cz. M\u016f\u017eete n\u00e1m v\u00edc popsat na\u0161i spolupr\u00e1ci? V \u010dem v\u00e1m Zaslat.cz vyhovuje?<\/strong><\/h5>\n<p>Kur\u00fdrn\u00edch firem jsme u\u017e vyzkou\u0161eli n\u011bkolik a nakonec z\u016fstali u Zaslat.cz a GLS. Zaslat n\u00e1m zajistilo lep\u0161\u00ed cenu, ne\u017e bychom dostali p\u0159\u00edmo od GLS. V\u00fdhoda je tak\u00e9 jednoduch\u00e9 napojen\u00ed na n\u00e1\u0161 IT syst\u00e9m a v\u0161e funguje tak\u0159\u00edkaj\u00edc na jeden klik. M\u00e1me tak\u00e9 dispozici individu\u00e1ln\u00ed pomoc na z\u00e1kaznick\u00e9 podpo\u0159e. Tak\u017ee Zaslat,cz n\u00e1m moc vyhovuje.<\/p>\n<p>&nbsp;<\/p>\n<p><a href=\"http:\/\/www.zaslat.cz\/pro-podnikatele\"><img decoding=\"async\" loading=\"lazy\" class=\"aligncenter size-medium wp-image-878\" src=\"https:\/\/www.zaslat.cz\/blog\/wp-content\/uploads\/2019\/09\/business_lp_banner_336x280-300x250.png\" alt=\"\" width=\"300\" height=\"250\" srcset=\"https:\/\/www.zaslat.cz\/blog\/wp-content\/uploads\/2019\/09\/business_lp_banner_336x280-300x250.png 300w, https:\/\/www.zaslat.cz\/blog\/wp-content\/uploads\/2019\/09\/business_lp_banner_336x280.png 336w\" sizes=\"(max-width: 300px) 100vw, 300px\" \/><\/a><\/p>\n<p>&nbsp;<\/p>\n","protected":false},"excerpt":{"rendered":"<p>Jak skloubit pracovn\u00ed a rodinn\u00fd \u017eivot, kdy\u017e vedete rodinnou firmu? Sv\u00e9 o tom v\u00ed Petr Pakosta, zakladatel rodinn\u00e9 firmy&nbsp;SLAVNEOBRAZY.cz, kter\u00fd sv\u016fj \u017eivot zasv\u011btil um\u011bn\u00ed, reprodukci slavn\u00fdch obraz\u016f a tisku fotografi\u00ed. D\u011btem tak d\u00e1v\u00e1 inspirativn\u00ed vzor a t\u011b\u0161\u00ed se, a\u017e i oni do rodinn\u00e9ho podniku p\u0159idaj\u00ed kus sebe.<\/p>\n","protected":false},"author":2,"featured_media":1087,"comment_status":"closed","ping_status":"open","sticky":false,"template":"","format":"standard","meta":{"inline_featured_image":false,"_uag_custom_page_level_css":"","site-sidebar-layout":"default","site-content-layout":"default","ast-global-header-display":"","ast-main-header-display":"","ast-hfb-above-header-display":"","ast-hfb-below-header-display":"","ast-hfb-mobile-header-display":"","site-post-title":"","ast-breadcrumbs-content":"","ast-featured-img":"","footer-sml-layout":"","theme-transparent-header-meta":"","adv-header-id-meta":"","stick-header-meta":"","header-above-stick-meta":"","header-main-stick-meta":"","header-below-stick-meta":""},"categories":[8],"tags":[],"yoast_head":"<!-- This site is optimized with the Yoast SEO plugin v20.2.1 - https:\/\/yoast.com\/wordpress\/plugins\/seo\/ -->\n<title>- Zaslat.cz bloguje<\/title>\n<meta name=\"robots\" content=\"index, follow, max-snippet:-1, max-image-preview:large, max-video-preview:-1\" \/>\n<link rel=\"canonical\" href=\"https:\/\/www.zaslat.cz\/blog\/\ud83d\udce6-z-jineho-balicku-rodinna-firma-je-vzorem-pro-deti-ktere-tak-nejak-prirozene-chapou-ze-penize-nerostou-na-strome-rika-petr-pakosta-o-sve-rodinne-firme-slavneobrazy-cz\/\" \/>\n<meta property=\"og:locale\" content=\"cs_CZ\" \/>\n<meta property=\"og:type\" content=\"article\" \/>\n<meta property=\"og:title\" content=\"- Zaslat.cz bloguje\" \/>\n<meta property=\"og:description\" content=\"Jak skloubit pracovn\u00ed a rodinn\u00fd \u017eivot, kdy\u017e vedete rodinnou firmu? Sv\u00e9 o tom v\u00ed Petr Pakosta, zakladatel rodinn\u00e9 firmy&nbsp;SLAVNEOBRAZY.cz, kter\u00fd sv\u016fj \u017eivot zasv\u011btil um\u011bn\u00ed, reprodukci slavn\u00fdch obraz\u016f a tisku fotografi\u00ed. D\u011btem tak d\u00e1v\u00e1 inspirativn\u00ed vzor a t\u011b\u0161\u00ed se, a\u017e i oni do rodinn\u00e9ho podniku p\u0159idaj\u00ed kus sebe.\" \/>\n<meta property=\"og:url\" content=\"https:\/\/www.zaslat.cz\/blog\/\ud83d\udce6-z-jineho-balicku-rodinna-firma-je-vzorem-pro-deti-ktere-tak-nejak-prirozene-chapou-ze-penize-nerostou-na-strome-rika-petr-pakosta-o-sve-rodinne-firme-slavneobrazy-cz\/\" \/>\n<meta property=\"og:site_name\" content=\"Zaslat.cz bloguje\" \/>\n<meta property=\"article:publisher\" content=\"https:\/\/www.facebook.com\/Zaslat\/\" \/>\n<meta property=\"article:published_time\" content=\"2020-01-21T08:53:10+00:00\" \/>\n<meta property=\"og:image\" content=\"https:\/\/www.zaslat.cz\/blog\/wp-content\/uploads\/2020\/01\/petr_pakosta.jpg\" \/>\n\t<meta property=\"og:image:width\" content=\"1500\" \/>\n\t<meta property=\"og:image:height\" content=\"850\" \/>\n\t<meta property=\"og:image:type\" content=\"image\/jpeg\" \/>\n<meta name=\"author\" content=\"Irena Skokanov\u00e1\" \/>\n<meta name=\"twitter:card\" content=\"summary_large_image\" \/>\n<meta name=\"twitter:creator\" content=\"@Zaslat\" \/>\n<meta name=\"twitter:site\" content=\"@Zaslat\" \/>\n<meta name=\"twitter:label1\" content=\"Napsal(a)\" \/>\n\t<meta name=\"twitter:data1\" content=\"Irena Skokanov\u00e1\" \/>\n\t<meta name=\"twitter:label2\" content=\"Odhadovan\u00e1 doba \u010dten\u00ed\" \/>\n\t<meta name=\"twitter:data2\" content=\"5 minut\" \/>\n<script type=\"application\/ld+json\" class=\"yoast-schema-graph\">{\"@context\":\"https:\/\/schema.org\",\"@graph\":[{\"@type\":\"Article\",\"@id\":\"https:\/\/www.zaslat.cz\/blog\/%f0%9f%93%a6-z-jineho-balicku-rodinna-firma-je-vzorem-pro-deti-ktere-tak-nejak-prirozene-chapou-ze-penize-nerostou-na-strome-rika-petr-pakosta-o-sve-rodinne-firme-slavneobrazy-cz\/#article\",\"isPartOf\":{\"@id\":\"https:\/\/www.zaslat.cz\/blog\/%f0%9f%93%a6-z-jineho-balicku-rodinna-firma-je-vzorem-pro-deti-ktere-tak-nejak-prirozene-chapou-ze-penize-nerostou-na-strome-rika-petr-pakosta-o-sve-rodinne-firme-slavneobrazy-cz\/\"},\"author\":{\"name\":\"Irena Skokanov\u00e1\",\"@id\":\"https:\/\/www.zaslat.cz\/blog\/#\/schema\/person\/cd7911256fd5e019655234e3cf90f961\"},\"headline\":\"\u201eRodinn\u00e1 firma je vzorem pro d\u011bti, kter\u00e9 tak n\u011bjak p\u0159irozen\u011b ch\u00e1pou, \u017ee pen\u00edze nerostou na strom\u011b.\u201c \u0159\u00edk\u00e1 Petr Pakosta o sv\u00e9 rodinn\u00e9 firm\u011b SLAVNEOBRAZY.cz\",\"datePublished\":\"2020-01-21T08:53:10+00:00\",\"dateModified\":\"2020-01-21T08:53:10+00:00\",\"mainEntityOfPage\":{\"@id\":\"https:\/\/www.zaslat.cz\/blog\/%f0%9f%93%a6-z-jineho-balicku-rodinna-firma-je-vzorem-pro-deti-ktere-tak-nejak-prirozene-chapou-ze-penize-nerostou-na-strome-rika-petr-pakosta-o-sve-rodinne-firme-slavneobrazy-cz\/\"},\"wordCount\":1571,\"publisher\":{\"@id\":\"https:\/\/www.zaslat.cz\/blog\/#organization\"},\"articleSection\":[\"Z jin\u00e9ho bal\u00ed\u010dku\"],\"inLanguage\":\"cs\"},{\"@type\":\"WebPage\",\"@id\":\"https:\/\/www.zaslat.cz\/blog\/%f0%9f%93%a6-z-jineho-balicku-rodinna-firma-je-vzorem-pro-deti-ktere-tak-nejak-prirozene-chapou-ze-penize-nerostou-na-strome-rika-petr-pakosta-o-sve-rodinne-firme-slavneobrazy-cz\/\",\"url\":\"https:\/\/www.zaslat.cz\/blog\/%f0%9f%93%a6-z-jineho-balicku-rodinna-firma-je-vzorem-pro-deti-ktere-tak-nejak-prirozene-chapou-ze-penize-nerostou-na-strome-rika-petr-pakosta-o-sve-rodinne-firme-slavneobrazy-cz\/\",\"name\":\"- Zaslat.cz bloguje\",\"isPartOf\":{\"@id\":\"https:\/\/www.zaslat.cz\/blog\/#website\"},\"datePublished\":\"2020-01-21T08:53:10+00:00\",\"dateModified\":\"2020-01-21T08:53:10+00:00\",\"breadcrumb\":{\"@id\":\"https:\/\/www.zaslat.cz\/blog\/%f0%9f%93%a6-z-jineho-balicku-rodinna-firma-je-vzorem-pro-deti-ktere-tak-nejak-prirozene-chapou-ze-penize-nerostou-na-strome-rika-petr-pakosta-o-sve-rodinne-firme-slavneobrazy-cz\/#breadcrumb\"},\"inLanguage\":\"cs\",\"potentialAction\":[{\"@type\":\"ReadAction\",\"target\":[\"https:\/\/www.zaslat.cz\/blog\/%f0%9f%93%a6-z-jineho-balicku-rodinna-firma-je-vzorem-pro-deti-ktere-tak-nejak-prirozene-chapou-ze-penize-nerostou-na-strome-rika-petr-pakosta-o-sve-rodinne-firme-slavneobrazy-cz\/\"]}]},{\"@type\":\"BreadcrumbList\",\"@id\":\"https:\/\/www.zaslat.cz\/blog\/%f0%9f%93%a6-z-jineho-balicku-rodinna-firma-je-vzorem-pro-deti-ktere-tak-nejak-prirozene-chapou-ze-penize-nerostou-na-strome-rika-petr-pakosta-o-sve-rodinne-firme-slavneobrazy-cz\/#breadcrumb\",\"itemListElement\":[{\"@type\":\"ListItem\",\"position\":1,\"name\":\"Dom\u016f\",\"item\":\"https:\/\/www.zaslat.cz\/blog\/\"},{\"@type\":\"ListItem\",\"position\":2,\"name\":\"\u201eRodinn\u00e1 firma je vzorem pro d\u011bti, kter\u00e9 tak n\u011bjak p\u0159irozen\u011b ch\u00e1pou, \u017ee pen\u00edze nerostou na strom\u011b.\u201c \u0159\u00edk\u00e1 Petr Pakosta o sv\u00e9 rodinn\u00e9 firm\u011b SLAVNEOBRAZY.cz\"}]},{\"@type\":\"WebSite\",\"@id\":\"https:\/\/www.zaslat.cz\/blog\/#website\",\"url\":\"https:\/\/www.zaslat.cz\/blog\/\",\"name\":\"Zaslat.cz bloguje\",\"description\":\"Z\u00e1silky, bal\u00edky, p\u0159eprava \u010dehokoliv - to je n\u00e1\u0161 sv\u011bt!\",\"publisher\":{\"@id\":\"https:\/\/www.zaslat.cz\/blog\/#organization\"},\"potentialAction\":[{\"@type\":\"SearchAction\",\"target\":{\"@type\":\"EntryPoint\",\"urlTemplate\":\"https:\/\/www.zaslat.cz\/blog\/?s={search_term_string}\"},\"query-input\":\"required name=search_term_string\"}],\"inLanguage\":\"cs\"},{\"@type\":\"Organization\",\"@id\":\"https:\/\/www.zaslat.cz\/blog\/#organization\",\"name\":\"Zaslat s.r.o.\",\"url\":\"https:\/\/www.zaslat.cz\/blog\/\",\"logo\":{\"@type\":\"ImageObject\",\"inLanguage\":\"cs\",\"@id\":\"https:\/\/www.zaslat.cz\/blog\/#\/schema\/logo\/image\/\",\"url\":\"https:\/\/www.zaslat.cz\/blog\/wp-content\/uploads\/alsendo-icon-triangl.png\",\"contentUrl\":\"https:\/\/www.zaslat.cz\/blog\/wp-content\/uploads\/alsendo-icon-triangl.png\",\"width\":2000,\"height\":2080,\"caption\":\"Zaslat s.r.o.\"},\"image\":{\"@id\":\"https:\/\/www.zaslat.cz\/blog\/#\/schema\/logo\/image\/\"},\"sameAs\":[\"https:\/\/www.facebook.com\/Zaslat\/\",\"https:\/\/twitter.com\/Zaslat\",\"https:\/\/www.instagram.com\/zaslat_by_alsendo\/\"]},{\"@type\":\"Person\",\"@id\":\"https:\/\/www.zaslat.cz\/blog\/#\/schema\/person\/cd7911256fd5e019655234e3cf90f961\",\"name\":\"Irena Skokanov\u00e1\",\"url\":\"https:\/\/www.zaslat.cz\/blog\/author\/iskokanova\/\"}]}<\/script>\n<!-- \/ Yoast SEO plugin. -->","yoast_head_json":{"title":"- Zaslat.cz bloguje","robots":{"index":"index","follow":"follow","max-snippet":"max-snippet:-1","max-image-preview":"max-image-preview:large","max-video-preview":"max-video-preview:-1"},"canonical":"https:\/\/www.zaslat.cz\/blog\/\ud83d\udce6-z-jineho-balicku-rodinna-firma-je-vzorem-pro-deti-ktere-tak-nejak-prirozene-chapou-ze-penize-nerostou-na-strome-rika-petr-pakosta-o-sve-rodinne-firme-slavneobrazy-cz\/","og_locale":"cs_CZ","og_type":"article","og_title":"- Zaslat.cz bloguje","og_description":"Jak skloubit pracovn\u00ed a rodinn\u00fd \u017eivot, kdy\u017e vedete rodinnou firmu? Sv\u00e9 o tom v\u00ed Petr Pakosta, zakladatel rodinn\u00e9 firmy&nbsp;SLAVNEOBRAZY.cz, kter\u00fd sv\u016fj \u017eivot zasv\u011btil um\u011bn\u00ed, reprodukci slavn\u00fdch obraz\u016f a tisku fotografi\u00ed. D\u011btem tak d\u00e1v\u00e1 inspirativn\u00ed vzor a t\u011b\u0161\u00ed se, a\u017e i oni do rodinn\u00e9ho podniku p\u0159idaj\u00ed kus sebe.","og_url":"https:\/\/www.zaslat.cz\/blog\/\ud83d\udce6-z-jineho-balicku-rodinna-firma-je-vzorem-pro-deti-ktere-tak-nejak-prirozene-chapou-ze-penize-nerostou-na-strome-rika-petr-pakosta-o-sve-rodinne-firme-slavneobrazy-cz\/","og_site_name":"Zaslat.cz bloguje","article_publisher":"https:\/\/www.facebook.com\/Zaslat\/","article_published_time":"2020-01-21T08:53:10+00:00","og_image":[{"width":1500,"height":850,"url":"https:\/\/www.zaslat.cz\/blog\/wp-content\/uploads\/2020\/01\/petr_pakosta.jpg","type":"image\/jpeg"}],"author":"Irena Skokanov\u00e1","twitter_card":"summary_large_image","twitter_creator":"@Zaslat","twitter_site":"@Zaslat","twitter_misc":{"Napsal(a)":"Irena Skokanov\u00e1","Odhadovan\u00e1 doba \u010dten\u00ed":"5 minut"},"schema":{"@context":"https:\/\/schema.org","@graph":[{"@type":"Article","@id":"https:\/\/www.zaslat.cz\/blog\/%f0%9f%93%a6-z-jineho-balicku-rodinna-firma-je-vzorem-pro-deti-ktere-tak-nejak-prirozene-chapou-ze-penize-nerostou-na-strome-rika-petr-pakosta-o-sve-rodinne-firme-slavneobrazy-cz\/#article","isPartOf":{"@id":"https:\/\/www.zaslat.cz\/blog\/%f0%9f%93%a6-z-jineho-balicku-rodinna-firma-je-vzorem-pro-deti-ktere-tak-nejak-prirozene-chapou-ze-penize-nerostou-na-strome-rika-petr-pakosta-o-sve-rodinne-firme-slavneobrazy-cz\/"},"author":{"name":"Irena Skokanov\u00e1","@id":"https:\/\/www.zaslat.cz\/blog\/#\/schema\/person\/cd7911256fd5e019655234e3cf90f961"},"headline":"\u201eRodinn\u00e1 firma je vzorem pro d\u011bti, kter\u00e9 tak n\u011bjak p\u0159irozen\u011b ch\u00e1pou, \u017ee pen\u00edze nerostou na strom\u011b.\u201c \u0159\u00edk\u00e1 Petr Pakosta o sv\u00e9 rodinn\u00e9 firm\u011b SLAVNEOBRAZY.cz","datePublished":"2020-01-21T08:53:10+00:00","dateModified":"2020-01-21T08:53:10+00:00","mainEntityOfPage":{"@id":"https:\/\/www.zaslat.cz\/blog\/%f0%9f%93%a6-z-jineho-balicku-rodinna-firma-je-vzorem-pro-deti-ktere-tak-nejak-prirozene-chapou-ze-penize-nerostou-na-strome-rika-petr-pakosta-o-sve-rodinne-firme-slavneobrazy-cz\/"},"wordCount":1571,"publisher":{"@id":"https:\/\/www.zaslat.cz\/blog\/#organization"},"articleSection":["Z jin\u00e9ho bal\u00ed\u010dku"],"inLanguage":"cs"},{"@type":"WebPage","@id":"https:\/\/www.zaslat.cz\/blog\/%f0%9f%93%a6-z-jineho-balicku-rodinna-firma-je-vzorem-pro-deti-ktere-tak-nejak-prirozene-chapou-ze-penize-nerostou-na-strome-rika-petr-pakosta-o-sve-rodinne-firme-slavneobrazy-cz\/","url":"https:\/\/www.zaslat.cz\/blog\/%f0%9f%93%a6-z-jineho-balicku-rodinna-firma-je-vzorem-pro-deti-ktere-tak-nejak-prirozene-chapou-ze-penize-nerostou-na-strome-rika-petr-pakosta-o-sve-rodinne-firme-slavneobrazy-cz\/","name":"- Zaslat.cz bloguje","isPartOf":{"@id":"https:\/\/www.zaslat.cz\/blog\/#website"},"datePublished":"2020-01-21T08:53:10+00:00","dateModified":"2020-01-21T08:53:10+00:00","breadcrumb":{"@id":"https:\/\/www.zaslat.cz\/blog\/%f0%9f%93%a6-z-jineho-balicku-rodinna-firma-je-vzorem-pro-deti-ktere-tak-nejak-prirozene-chapou-ze-penize-nerostou-na-strome-rika-petr-pakosta-o-sve-rodinne-firme-slavneobrazy-cz\/#breadcrumb"},"inLanguage":"cs","potentialAction":[{"@type":"ReadAction","target":["https:\/\/www.zaslat.cz\/blog\/%f0%9f%93%a6-z-jineho-balicku-rodinna-firma-je-vzorem-pro-deti-ktere-tak-nejak-prirozene-chapou-ze-penize-nerostou-na-strome-rika-petr-pakosta-o-sve-rodinne-firme-slavneobrazy-cz\/"]}]},{"@type":"BreadcrumbList","@id":"https:\/\/www.zaslat.cz\/blog\/%f0%9f%93%a6-z-jineho-balicku-rodinna-firma-je-vzorem-pro-deti-ktere-tak-nejak-prirozene-chapou-ze-penize-nerostou-na-strome-rika-petr-pakosta-o-sve-rodinne-firme-slavneobrazy-cz\/#breadcrumb","itemListElement":[{"@type":"ListItem","position":1,"name":"Dom\u016f","item":"https:\/\/www.zaslat.cz\/blog\/"},{"@type":"ListItem","position":2,"name":"\u201eRodinn\u00e1 firma je vzorem pro d\u011bti, kter\u00e9 tak n\u011bjak p\u0159irozen\u011b ch\u00e1pou, \u017ee pen\u00edze nerostou na strom\u011b.\u201c \u0159\u00edk\u00e1 Petr Pakosta o sv\u00e9 rodinn\u00e9 firm\u011b SLAVNEOBRAZY.cz"}]},{"@type":"WebSite","@id":"https:\/\/www.zaslat.cz\/blog\/#website","url":"https:\/\/www.zaslat.cz\/blog\/","name":"Zaslat.cz bloguje","description":"Z\u00e1silky, bal\u00edky, p\u0159eprava \u010dehokoliv - to je n\u00e1\u0161 sv\u011bt!","publisher":{"@id":"https:\/\/www.zaslat.cz\/blog\/#organization"},"potentialAction":[{"@type":"SearchAction","target":{"@type":"EntryPoint","urlTemplate":"https:\/\/www.zaslat.cz\/blog\/?s={search_term_string}"},"query-input":"required name=search_term_string"}],"inLanguage":"cs"},{"@type":"Organization","@id":"https:\/\/www.zaslat.cz\/blog\/#organization","name":"Zaslat s.r.o.","url":"https:\/\/www.zaslat.cz\/blog\/","logo":{"@type":"ImageObject","inLanguage":"cs","@id":"https:\/\/www.zaslat.cz\/blog\/#\/schema\/logo\/image\/","url":"https:\/\/www.zaslat.cz\/blog\/wp-content\/uploads\/alsendo-icon-triangl.png","contentUrl":"https:\/\/www.zaslat.cz\/blog\/wp-content\/uploads\/alsendo-icon-triangl.png","width":2000,"height":2080,"caption":"Zaslat s.r.o."},"image":{"@id":"https:\/\/www.zaslat.cz\/blog\/#\/schema\/logo\/image\/"},"sameAs":["https:\/\/www.facebook.com\/Zaslat\/","https:\/\/twitter.com\/Zaslat","https:\/\/www.instagram.com\/zaslat_by_alsendo\/"]},{"@type":"Person","@id":"https:\/\/www.zaslat.cz\/blog\/#\/schema\/person\/cd7911256fd5e019655234e3cf90f961","name":"Irena Skokanov\u00e1","url":"https:\/\/www.zaslat.cz\/blog\/author\/iskokanova\/"}]}},"uagb_featured_image_src":{"full":["https:\/\/www.zaslat.cz\/blog\/wp-content\/uploads\/2020\/01\/petr_pakosta.jpg",1500,850,false],"thumbnail":["https:\/\/www.zaslat.cz\/blog\/wp-content\/uploads\/2020\/01\/petr_pakosta-150x150.jpg",150,150,true],"medium":["https:\/\/www.zaslat.cz\/blog\/wp-content\/uploads\/2020\/01\/petr_pakosta-300x170.jpg",300,170,true],"medium_large":["https:\/\/www.zaslat.cz\/blog\/wp-content\/uploads\/2020\/01\/petr_pakosta-768x435.jpg",768,435,true],"large":["https:\/\/www.zaslat.cz\/blog\/wp-content\/uploads\/2020\/01\/petr_pakosta-1024x580.jpg",1024,580,true],"1536x1536":["https:\/\/www.zaslat.cz\/blog\/wp-content\/uploads\/2020\/01\/petr_pakosta.jpg",1500,850,false],"2048x2048":["https:\/\/www.zaslat.cz\/blog\/wp-content\/uploads\/2020\/01\/petr_pakosta.jpg",1500,850,false]},"uagb_author_info":{"display_name":"Irena Skokanov\u00e1","author_link":"https:\/\/www.zaslat.cz\/blog\/author\/iskokanova\/"},"uagb_comment_info":0,"uagb_excerpt":"Jak skloubit pracovn\u00ed a rodinn\u00fd \u017eivot, kdy\u017e vedete rodinnou firmu? Sv\u00e9 o tom v\u00ed Petr Pakosta, zakladatel rodinn\u00e9 firmy&nbsp;SLAVNEOBRAZY.cz, kter\u00fd sv\u016fj \u017eivot zasv\u011btil um\u011bn\u00ed, reprodukci slavn\u00fdch obraz\u016f a tisku fotografi\u00ed. D\u011btem tak d\u00e1v\u00e1 inspirativn\u00ed vzor a t\u011b\u0161\u00ed se, a\u017e i oni do rodinn\u00e9ho podniku p\u0159idaj\u00ed kus sebe.","_links":{"self":[{"href":"https:\/\/www.zaslat.cz\/blog\/wp-json\/wp\/v2\/posts\/2723"}],"collection":[{"href":"https:\/\/www.zaslat.cz\/blog\/wp-json\/wp\/v2\/posts"}],"about":[{"href":"https:\/\/www.zaslat.cz\/blog\/wp-json\/wp\/v2\/types\/post"}],"author":[{"embeddable":true,"href":"https:\/\/www.zaslat.cz\/blog\/wp-json\/wp\/v2\/users\/2"}],"replies":[{"embeddable":true,"href":"https:\/\/www.zaslat.cz\/blog\/wp-json\/wp\/v2\/comments?post=2723"}],"version-history":[{"count":0,"href":"https:\/\/www.zaslat.cz\/blog\/wp-json\/wp\/v2\/posts\/2723\/revisions"}],"wp:featuredmedia":[{"embeddable":true,"href":"https:\/\/www.zaslat.cz\/blog\/wp-json\/wp\/v2\/media\/1087"}],"wp:attachment":[{"href":"https:\/\/www.zaslat.cz\/blog\/wp-json\/wp\/v2\/media?parent=2723"}],"wp:term":[{"taxonomy":"category","embeddable":true,"href":"https:\/\/www.zaslat.cz\/blog\/wp-json\/wp\/v2\/categories?post=2723"},{"taxonomy":"post_tag","embeddable":true,"href":"https:\/\/www.zaslat.cz\/blog\/wp-json\/wp\/v2\/tags?post=2723"}],"curies":[{"name":"wp","href":"https:\/\/api.w.org\/{rel}","templated":true}]}}